{"id":3108,"date":"2024-02-28T13:27:00","date_gmt":"2024-02-28T13:27:00","guid":{"rendered":"https:\/\/muzeumfabrykinorblina.pl\/?p=3108"},"modified":"2024-08-28T13:34:32","modified_gmt":"2024-08-28T13:34:32","slug":"stefan-norblin-artysta-plakatu","status":"publish","type":"post","link":"https:\/\/muzeumfabrykinorblina.pl\/?p=3108","title":{"rendered":"Stefan Norblin \u2013 artysta plakatu"},"content":{"rendered":"\n<p class=\"wp-block-paragraph\">W Muzeum Fabryki Norblina w Warszawie odby\u0142a si\u0119 wystawa prezentuj\u0105ca kopie prac Stefana Norblina, jednego z najwybitniejszych artyst\u00f3w II Rzeczpospolitej. Ekspozycja, obejmuj\u0105ca 24 dzie\u0142a artysty, dost\u0119pna by\u0142a w dniach od 28 lutego 2024 do 31 maja 2024 roku, na poziomie +1 w budynku Plater. Prace pochodz\u0105ce z lat 20. i 30. XX wieku zosta\u0142y udost\u0119pnione dzi\u0119ki wsp\u00f3\u0142pracy z Muzeum Plakatu w Wilanowie, Muzeum Narodowym w Poznaniu oraz Archiwum Pa\u0144stwowym w Lublinie.<\/p>\n\n\n\n<p class=\"wp-block-paragraph\">Wystawa skupia\u0142a si\u0119 na plakatach stworzonych przez Norblina na zlecenie Ministerstwa Komunikacji i Polskich Kolei Pa\u0144stwowych, promuj\u0105cych polskie miasta i regiony. W\u015br\u00f3d eksponat\u00f3w znalaz\u0142y si\u0119 r\u00f3wnie\u017c plakaty filmowe, reklamowe oraz anonse wydarze\u0144 kulturalnych. Szczeg\u00f3ln\u0105 uwag\u0119 zwraca\u0142 monumentalny wizerunek Marsza\u0142ka J\u00f3zefa Pi\u0142sudskiego, kt\u00f3ry podkre\u015bla\u0142 znaczenie polityczne tamtego okresu.<\/p>\n\n\n\n<p class=\"wp-block-paragraph\">Norblin, wybitny artysta, zainspirowany swoimi podr\u00f3\u017cami po Europie, wprowadzi\u0142 do polskiej plastyki okresu mi\u0119dzywojennego unikaln\u0105 wizj\u0119 artystyczn\u0105. Jego prace wyr\u00f3\u017cnia\u0142y si\u0119 nowoczesnym podej\u015bciem i \u015bwie\u017co\u015bci\u0105, kt\u00f3re odr\u00f3\u017cnia\u0142y je od innych dzie\u0142 graficznych tego czasu.<\/p>\n\n\n\n<p class=\"wp-block-paragraph\">Wystawa przypomina\u0142a r\u00f3wnie\u017c o zwi\u0105zkach Stefana Norblina z rodem Norblin\u00f3w, znanym z dzia\u0142alno\u015bci przemys\u0142owej w Warszawie, oraz o jego dalszej karierze po wybuchu II wojny \u015bwiatowej, kiedy to wyjecha\u0142 z Polski i zyska\u0142 mi\u0119dzynarodowe uznanie dzi\u0119ki monumentalnym dekoracjom pa\u0142acowym tworzonym w Indiach. Po wojnie osiedli\u0142 si\u0119 w Stanach Zjednoczonych, gdzie niestety zako\u0144czy\u0142 swoje \u017cycie w 1952 roku.<\/p>\n\n\n\n<p class=\"wp-block-paragraph\">Na terenie Fabryki Norblina, na skwerze Jana Piotra i Stefana Norblin\u00f3w, codziennie po zmroku wy\u015bwietlana by\u0142a kr\u00f3tka animacja inspirowana tw\u00f3rczo\u015bci\u0105 Stefana oraz jego prapradziadka, Jana Piotra Norblina. Wystawa by\u0142a nie tylko okazj\u0105 do podziwiania unikalnej sztuki, ale tak\u017ce do g\u0142\u0119bszego zrozumienia dziedzictwa artystycznego rodziny Norblin\u00f3w.<\/p>\n\n\n<!-- wp:themify-builder\/canvas \/-->","protected":false},"excerpt":{"rendered":"<p>W Muzeum Fabryki Norblina w Warszawie odby\u0142a si\u0119 wystawa prezentuj\u0105ca kopie prac Stefana Norblina, jednego z najwybitniejszych artyst\u00f3w II Rzeczpospolitej. Ekspozycja, obejmuj\u0105ca 24 dzie\u0142a artysty, dost\u0119pna by\u0142a w dniach od 28 lutego 2024 do 31 maja 2024 roku, na poziomie +1 w budynku Plater. Prace pochodz\u0105ce z lat 20. i 30. XX wieku zosta\u0142y udost\u0119pnione [&hellip;]<\/p>\n","protected":false},"author":10,"featured_media":3111,"comment_status":"closed","ping_status":"closed","sticky":false,"template":"","format":"standard","meta":{"_acf_changed":false,"_monsterinsights_skip_tracking":false,"footnotes":""},"categories":[59],"tags":[],"class_list":["post-3108","post","type-post","status-publish","format-standard","has-post-thumbnail","hentry","category-wystawy-czasowe","has-post-title","has-post-date","has-post-category","has-post-tag","has-post-comment","has-post-author",""],"acf":[],"yoast_head":"<!-- This site is optimized with the Yoast SEO plugin v28.2 - https:\/\/yoast.com\/product\/yoast-seo-wordpress\/ -->\n<title>Stefan Norblin \u2013 artysta plakatu | Muzeum Fabryki Norblina<\/title>\n<meta name=\"robots\" content=\"index, follow, max-snippet:-1, max-image-preview:large, max-video-preview:-1\" \/>\n<link rel=\"canonical\" href=\"https:\/\/muzeumfabrykinorblina.pl\/?p=3108\" \/>\n<meta property=\"og:locale\" content=\"pl_PL\" \/>\n<meta property=\"og:type\" content=\"article\" \/>\n<meta property=\"og:title\" content=\"Stefan Norblin \u2013 artysta plakatu | Muzeum Fabryki Norblina\" \/>\n<meta property=\"og:description\" content=\"W Muzeum Fabryki Norblina w Warszawie odby\u0142a si\u0119 wystawa prezentuj\u0105ca kopie prac Stefana Norblina, jednego z najwybitniejszych artyst\u00f3w II Rzeczpospolitej. Ekspozycja, obejmuj\u0105ca 24 dzie\u0142a artysty, dost\u0119pna by\u0142a w dniach od 28 lutego 2024 do 31 maja 2024 roku, na poziomie +1 w budynku Plater. Prace pochodz\u0105ce z lat 20. i 30. XX wieku zosta\u0142y udost\u0119pnione [&hellip;]\" \/>\n<meta property=\"og:url\" content=\"https:\/\/muzeumfabrykinorblina.pl\/?p=3108\" \/>\n<meta property=\"og:site_name\" content=\"Muzeum Fabryki Norblina\" \/>\n<meta property=\"article:publisher\" content=\"https:\/\/www.facebook.com\/MuzeumFabrykiNorblina\" \/>\n<meta property=\"article:published_time\" content=\"2024-02-28T13:27:00+00:00\" \/>\n<meta property=\"article:modified_time\" content=\"2024-08-28T13:34:32+00:00\" \/>\n<meta property=\"og:image\" content=\"https:\/\/muzeumfabrykinorblina.pl\/wp-content\/uploads\/2024\/08\/FN_STEFAN_NORBLIN.jpg\" \/>\n\t<meta property=\"og:image:width\" content=\"1200\" \/>\n\t<meta property=\"og:image:height\" content=\"1200\" \/>\n\t<meta property=\"og:image:type\" content=\"image\/jpeg\" \/>\n<meta name=\"author\" content=\"Martyna Duli\u0144ska\" \/>\n<meta name=\"twitter:card\" content=\"summary_large_image\" \/>\n<meta name=\"twitter:label1\" content=\"Napisane przez\" \/>\n\t<meta name=\"twitter:data1\" content=\"Martyna Duli\u0144ska\" \/>\n\t<meta name=\"twitter:label2\" content=\"Szacowany czas czytania\" \/>\n\t<meta name=\"twitter:data2\" content=\"2 minuty\" \/>\n<script type=\"application\/ld+json\" class=\"yoast-schema-graph\">{\"@context\":\"https:\\\/\\\/schema.org\",\"@graph\":[{\"@type\":\"Article\",\"@id\":\"https:\\\/\\\/muzeumfabrykinorblina.pl\\\/?p=3108#article\",\"isPartOf\":{\"@id\":\"https:\\\/\\\/muzeumfabrykinorblina.pl\\\/?p=3108\"},\"author\":{\"name\":\"Martyna Duli\u0144ska\",\"@id\":\"https:\\\/\\\/muzeumfabrykinorblina.pl\\\/#\\\/schema\\\/person\\\/d2388cfb16badb46118fb26254e1173c\"},\"headline\":\"Stefan Norblin \u2013 artysta plakatu\",\"datePublished\":\"2024-02-28T13:27:00+00:00\",\"dateModified\":\"2024-08-28T13:34:32+00:00\",\"mainEntityOfPage\":{\"@id\":\"https:\\\/\\\/muzeumfabrykinorblina.pl\\\/?p=3108\"},\"wordCount\":307,\"publisher\":{\"@id\":\"https:\\\/\\\/muzeumfabrykinorblina.pl\\\/#organization\"},\"image\":{\"@id\":\"https:\\\/\\\/muzeumfabrykinorblina.pl\\\/?p=3108#primaryimage\"},\"thumbnailUrl\":\"https:\\\/\\\/muzeumfabrykinorblina.pl\\\/wp-content\\\/uploads\\\/2024\\\/08\\\/FN_STEFAN_NORBLIN.jpg\",\"articleSection\":[\"Wystawy czasowe\"],\"inLanguage\":\"pl-PL\"},{\"@type\":\"WebPage\",\"@id\":\"https:\\\/\\\/muzeumfabrykinorblina.pl\\\/?p=3108\",\"url\":\"https:\\\/\\\/muzeumfabrykinorblina.pl\\\/?p=3108\",\"name\":\"Stefan Norblin \u2013 artysta plakatu | Muzeum Fabryki Norblina\",\"isPartOf\":{\"@id\":\"https:\\\/\\\/muzeumfabrykinorblina.pl\\\/#website\"},\"primaryImageOfPage\":{\"@id\":\"https:\\\/\\\/muzeumfabrykinorblina.pl\\\/?p=3108#primaryimage\"},\"image\":{\"@id\":\"https:\\\/\\\/muzeumfabrykinorblina.pl\\\/?p=3108#primaryimage\"},\"thumbnailUrl\":\"https:\\\/\\\/muzeumfabrykinorblina.pl\\\/wp-content\\\/uploads\\\/2024\\\/08\\\/FN_STEFAN_NORBLIN.jpg\",\"datePublished\":\"2024-02-28T13:27:00+00:00\",\"dateModified\":\"2024-08-28T13:34:32+00:00\",\"breadcrumb\":{\"@id\":\"https:\\\/\\\/muzeumfabrykinorblina.pl\\\/?p=3108#breadcrumb\"},\"inLanguage\":\"pl-PL\",\"potentialAction\":[{\"@type\":\"ReadAction\",\"target\":[\"https:\\\/\\\/muzeumfabrykinorblina.pl\\\/?p=3108\"]}]},{\"@type\":\"ImageObject\",\"inLanguage\":\"pl-PL\",\"@id\":\"https:\\\/\\\/muzeumfabrykinorblina.pl\\\/?p=3108#primaryimage\",\"url\":\"https:\\\/\\\/muzeumfabrykinorblina.pl\\\/wp-content\\\/uploads\\\/2024\\\/08\\\/FN_STEFAN_NORBLIN.jpg\",\"contentUrl\":\"https:\\\/\\\/muzeumfabrykinorblina.pl\\\/wp-content\\\/uploads\\\/2024\\\/08\\\/FN_STEFAN_NORBLIN.jpg\",\"width\":1200,\"height\":1200},{\"@type\":\"BreadcrumbList\",\"@id\":\"https:\\\/\\\/muzeumfabrykinorblina.pl\\\/?p=3108#breadcrumb\",\"itemListElement\":[{\"@type\":\"ListItem\",\"position\":1,\"name\":\"Strona g\u0142\u00f3wna\",\"item\":\"https:\\\/\\\/muzeumfabrykinorblina.pl\\\/\"},{\"@type\":\"ListItem\",\"position\":2,\"name\":\"Stefan Norblin \u2013 artysta plakatu\"}]},{\"@type\":\"WebSite\",\"@id\":\"https:\\\/\\\/muzeumfabrykinorblina.pl\\\/#website\",\"url\":\"https:\\\/\\\/muzeumfabrykinorblina.pl\\\/\",\"name\":\"Muzeum Fabryki Norblina\",\"description\":\"Fabryka Norblina\",\"publisher\":{\"@id\":\"https:\\\/\\\/muzeumfabrykinorblina.pl\\\/#organization\"},\"potentialAction\":[{\"@type\":\"SearchAction\",\"target\":{\"@type\":\"EntryPoint\",\"urlTemplate\":\"https:\\\/\\\/muzeumfabrykinorblina.pl\\\/?s={search_term_string}\"},\"query-input\":{\"@type\":\"PropertyValueSpecification\",\"valueRequired\":true,\"valueName\":\"search_term_string\"}}],\"inLanguage\":\"pl-PL\"},{\"@type\":\"Organization\",\"@id\":\"https:\\\/\\\/muzeumfabrykinorblina.pl\\\/#organization\",\"name\":\"Muzeum Fabryki Norblina\",\"url\":\"https:\\\/\\\/muzeumfabrykinorblina.pl\\\/\",\"logo\":{\"@type\":\"ImageObject\",\"inLanguage\":\"pl-PL\",\"@id\":\"https:\\\/\\\/muzeumfabrykinorblina.pl\\\/#\\\/schema\\\/logo\\\/image\\\/\",\"url\":\"https:\\\/\\\/muzeumfabrykinorblina.pl\\\/wp-content\\\/uploads\\\/2023\\\/11\\\/MFN_Featured-image_1200x675.jpg\",\"contentUrl\":\"https:\\\/\\\/muzeumfabrykinorblina.pl\\\/wp-content\\\/uploads\\\/2023\\\/11\\\/MFN_Featured-image_1200x675.jpg\",\"width\":1200,\"height\":675,\"caption\":\"Muzeum Fabryki Norblina\"},\"image\":{\"@id\":\"https:\\\/\\\/muzeumfabrykinorblina.pl\\\/#\\\/schema\\\/logo\\\/image\\\/\"},\"sameAs\":[\"https:\\\/\\\/www.facebook.com\\\/MuzeumFabrykiNorblina\",\"https:\\\/\\\/www.instagram.com\\\/muzeumfabrykinorblina\\\/\"]},{\"@type\":\"Person\",\"@id\":\"https:\\\/\\\/muzeumfabrykinorblina.pl\\\/#\\\/schema\\\/person\\\/d2388cfb16badb46118fb26254e1173c\",\"name\":\"Martyna Duli\u0144ska\",\"image\":{\"@type\":\"ImageObject\",\"inLanguage\":\"pl-PL\",\"@id\":\"https:\\\/\\\/secure.gravatar.com\\\/avatar\\\/f08f1cb0c3aeb559afa32edd699f0994e6cd15357a85ab67dd3506224ed9f76b?s=96&d=mm&r=g\",\"url\":\"https:\\\/\\\/secure.gravatar.com\\\/avatar\\\/f08f1cb0c3aeb559afa32edd699f0994e6cd15357a85ab67dd3506224ed9f76b?s=96&d=mm&r=g\",\"contentUrl\":\"https:\\\/\\\/secure.gravatar.com\\\/avatar\\\/f08f1cb0c3aeb559afa32edd699f0994e6cd15357a85ab67dd3506224ed9f76b?s=96&d=mm&r=g\",\"caption\":\"Martyna Duli\u0144ska\"},\"url\":\"https:\\\/\\\/muzeumfabrykinorblina.pl\\\/?author=10\"}]}<\/script>\n<!-- \/ Yoast SEO plugin. -->","yoast_head_json":{"title":"Stefan Norblin \u2013 artysta plakatu | Muzeum Fabryki Norblina","robots":{"index":"index","follow":"follow","max-snippet":"max-snippet:-1","max-image-preview":"max-image-preview:large","max-video-preview":"max-video-preview:-1"},"canonical":"https:\/\/muzeumfabrykinorblina.pl\/?p=3108","og_locale":"pl_PL","og_type":"article","og_title":"Stefan Norblin \u2013 artysta plakatu | Muzeum Fabryki Norblina","og_description":"W Muzeum Fabryki Norblina w Warszawie odby\u0142a si\u0119 wystawa prezentuj\u0105ca kopie prac Stefana Norblina, jednego z najwybitniejszych artyst\u00f3w II Rzeczpospolitej. Ekspozycja, obejmuj\u0105ca 24 dzie\u0142a artysty, dost\u0119pna by\u0142a w dniach od 28 lutego 2024 do 31 maja 2024 roku, na poziomie +1 w budynku Plater. Prace pochodz\u0105ce z lat 20. i 30. XX wieku zosta\u0142y udost\u0119pnione [&hellip;]","og_url":"https:\/\/muzeumfabrykinorblina.pl\/?p=3108","og_site_name":"Muzeum Fabryki Norblina","article_publisher":"https:\/\/www.facebook.com\/MuzeumFabrykiNorblina","article_published_time":"2024-02-28T13:27:00+00:00","article_modified_time":"2024-08-28T13:34:32+00:00","og_image":[{"width":1200,"height":1200,"url":"https:\/\/muzeumfabrykinorblina.pl\/wp-content\/uploads\/2024\/08\/FN_STEFAN_NORBLIN.jpg","type":"image\/jpeg"}],"author":"Martyna Duli\u0144ska","twitter_card":"summary_large_image","twitter_misc":{"Napisane przez":"Martyna Duli\u0144ska","Szacowany czas czytania":"2 minuty"},"schema":{"@context":"https:\/\/schema.org","@graph":[{"@type":"Article","@id":"https:\/\/muzeumfabrykinorblina.pl\/?p=3108#article","isPartOf":{"@id":"https:\/\/muzeumfabrykinorblina.pl\/?p=3108"},"author":{"name":"Martyna Duli\u0144ska","@id":"https:\/\/muzeumfabrykinorblina.pl\/#\/schema\/person\/d2388cfb16badb46118fb26254e1173c"},"headline":"Stefan Norblin \u2013 artysta plakatu","datePublished":"2024-02-28T13:27:00+00:00","dateModified":"2024-08-28T13:34:32+00:00","mainEntityOfPage":{"@id":"https:\/\/muzeumfabrykinorblina.pl\/?p=3108"},"wordCount":307,"publisher":{"@id":"https:\/\/muzeumfabrykinorblina.pl\/#organization"},"image":{"@id":"https:\/\/muzeumfabrykinorblina.pl\/?p=3108#primaryimage"},"thumbnailUrl":"https:\/\/muzeumfabrykinorblina.pl\/wp-content\/uploads\/2024\/08\/FN_STEFAN_NORBLIN.jpg","articleSection":["Wystawy czasowe"],"inLanguage":"pl-PL"},{"@type":"WebPage","@id":"https:\/\/muzeumfabrykinorblina.pl\/?p=3108","url":"https:\/\/muzeumfabrykinorblina.pl\/?p=3108","name":"Stefan Norblin \u2013 artysta plakatu | Muzeum Fabryki Norblina","isPartOf":{"@id":"https:\/\/muzeumfabrykinorblina.pl\/#website"},"primaryImageOfPage":{"@id":"https:\/\/muzeumfabrykinorblina.pl\/?p=3108#primaryimage"},"image":{"@id":"https:\/\/muzeumfabrykinorblina.pl\/?p=3108#primaryimage"},"thumbnailUrl":"https:\/\/muzeumfabrykinorblina.pl\/wp-content\/uploads\/2024\/08\/FN_STEFAN_NORBLIN.jpg","datePublished":"2024-02-28T13:27:00+00:00","dateModified":"2024-08-28T13:34:32+00:00","breadcrumb":{"@id":"https:\/\/muzeumfabrykinorblina.pl\/?p=3108#breadcrumb"},"inLanguage":"pl-PL","potentialAction":[{"@type":"ReadAction","target":["https:\/\/muzeumfabrykinorblina.pl\/?p=3108"]}]},{"@type":"ImageObject","inLanguage":"pl-PL","@id":"https:\/\/muzeumfabrykinorblina.pl\/?p=3108#primaryimage","url":"https:\/\/muzeumfabrykinorblina.pl\/wp-content\/uploads\/2024\/08\/FN_STEFAN_NORBLIN.jpg","contentUrl":"https:\/\/muzeumfabrykinorblina.pl\/wp-content\/uploads\/2024\/08\/FN_STEFAN_NORBLIN.jpg","width":1200,"height":1200},{"@type":"BreadcrumbList","@id":"https:\/\/muzeumfabrykinorblina.pl\/?p=3108#breadcrumb","itemListElement":[{"@type":"ListItem","position":1,"name":"Strona g\u0142\u00f3wna","item":"https:\/\/muzeumfabrykinorblina.pl\/"},{"@type":"ListItem","position":2,"name":"Stefan Norblin \u2013 artysta plakatu"}]},{"@type":"WebSite","@id":"https:\/\/muzeumfabrykinorblina.pl\/#website","url":"https:\/\/muzeumfabrykinorblina.pl\/","name":"Muzeum Fabryki Norblina","description":"Fabryka Norblina","publisher":{"@id":"https:\/\/muzeumfabrykinorblina.pl\/#organization"},"potentialAction":[{"@type":"SearchAction","target":{"@type":"EntryPoint","urlTemplate":"https:\/\/muzeumfabrykinorblina.pl\/?s={search_term_string}"},"query-input":{"@type":"PropertyValueSpecification","valueRequired":true,"valueName":"search_term_string"}}],"inLanguage":"pl-PL"},{"@type":"Organization","@id":"https:\/\/muzeumfabrykinorblina.pl\/#organization","name":"Muzeum Fabryki Norblina","url":"https:\/\/muzeumfabrykinorblina.pl\/","logo":{"@type":"ImageObject","inLanguage":"pl-PL","@id":"https:\/\/muzeumfabrykinorblina.pl\/#\/schema\/logo\/image\/","url":"https:\/\/muzeumfabrykinorblina.pl\/wp-content\/uploads\/2023\/11\/MFN_Featured-image_1200x675.jpg","contentUrl":"https:\/\/muzeumfabrykinorblina.pl\/wp-content\/uploads\/2023\/11\/MFN_Featured-image_1200x675.jpg","width":1200,"height":675,"caption":"Muzeum Fabryki Norblina"},"image":{"@id":"https:\/\/muzeumfabrykinorblina.pl\/#\/schema\/logo\/image\/"},"sameAs":["https:\/\/www.facebook.com\/MuzeumFabrykiNorblina","https:\/\/www.instagram.com\/muzeumfabrykinorblina\/"]},{"@type":"Person","@id":"https:\/\/muzeumfabrykinorblina.pl\/#\/schema\/person\/d2388cfb16badb46118fb26254e1173c","name":"Martyna Duli\u0144ska","image":{"@type":"ImageObject","inLanguage":"pl-PL","@id":"https:\/\/secure.gravatar.com\/avatar\/f08f1cb0c3aeb559afa32edd699f0994e6cd15357a85ab67dd3506224ed9f76b?s=96&d=mm&r=g","url":"https:\/\/secure.gravatar.com\/avatar\/f08f1cb0c3aeb559afa32edd699f0994e6cd15357a85ab67dd3506224ed9f76b?s=96&d=mm&r=g","contentUrl":"https:\/\/secure.gravatar.com\/avatar\/f08f1cb0c3aeb559afa32edd699f0994e6cd15357a85ab67dd3506224ed9f76b?s=96&d=mm&r=g","caption":"Martyna Duli\u0144ska"},"url":"https:\/\/muzeumfabrykinorblina.pl\/?author=10"}]}},"lang":"pl","translations":{"pl":3108},"builder_content":"","pll_sync_post":{},"_links":{"self":[{"href":"https:\/\/muzeumfabrykinorblina.pl\/index.php?rest_route=\/wp\/v2\/posts\/3108","targetHints":{"allow":["GET"]}}],"collection":[{"href":"https:\/\/muzeumfabrykinorblina.pl\/index.php?rest_route=\/wp\/v2\/posts"}],"about":[{"href":"https:\/\/muzeumfabrykinorblina.pl\/index.php?rest_route=\/wp\/v2\/types\/post"}],"author":[{"embeddable":true,"href":"https:\/\/muzeumfabrykinorblina.pl\/index.php?rest_route=\/wp\/v2\/users\/10"}],"replies":[{"embeddable":true,"href":"https:\/\/muzeumfabrykinorblina.pl\/index.php?rest_route=%2Fwp%2Fv2%2Fcomments&post=3108"}],"version-history":[{"count":0,"href":"https:\/\/muzeumfabrykinorblina.pl\/index.php?rest_route=\/wp\/v2\/posts\/3108\/revisions"}],"wp:featuredmedia":[{"embeddable":true,"href":"https:\/\/muzeumfabrykinorblina.pl\/index.php?rest_route=\/wp\/v2\/media\/3111"}],"wp:attachment":[{"href":"https:\/\/muzeumfabrykinorblina.pl\/index.php?rest_route=%2Fwp%2Fv2%2Fmedia&parent=3108"}],"wp:term":[{"taxonomy":"category","embeddable":true,"href":"https:\/\/muzeumfabrykinorblina.pl\/index.php?rest_route=%2Fwp%2Fv2%2Fcategories&post=3108"},{"taxonomy":"post_tag","embeddable":true,"href":"https:\/\/muzeumfabrykinorblina.pl\/index.php?rest_route=%2Fwp%2Fv2%2Ftags&post=3108"}],"curies":[{"name":"wp","href":"https:\/\/api.w.org\/{rel}","templated":true}]}}