{"id":3101,"date":"2023-10-10T13:19:00","date_gmt":"2023-10-10T13:19:00","guid":{"rendered":"https:\/\/muzeumfabrykinorblina.pl\/?p=3101"},"modified":"2024-08-28T13:46:45","modified_gmt":"2024-08-28T13:46:45","slug":"budda-warszawski","status":"publish","type":"post","link":"https:\/\/muzeumfabrykinorblina.pl\/?p=3101","title":{"rendered":"Budda Warszawski"},"content":{"rendered":"\n<p class=\"wp-block-paragraph\">Wystawa pt. <strong>&#8222;Budda Warszawski&#8221;<\/strong>, kt\u00f3ra odbywa\u0142a si\u0119 od 10 pa\u017adziernika 2023 roku do 17 marca 2024 roku w Muzeum Fabryki Norblina w Warszawie, by\u0142a wydarzeniem, kt\u00f3re wzbogaci\u0142o ekspozycj\u0119 o zaskakuj\u0105ce eksponaty. Na \u017belazn\u0105 51\/53 wr\u00f3ci\u0142y wtedy dwie figurki Buddy, wyprodukowane w fabryce Norblina oko\u0142o 1913\/1914 roku na zam\u00f3wienie rz\u0105du Mongolii.<\/p>\n\n\n\n<p class=\"wp-block-paragraph\">Te blaszane figurki Buddy mia\u0142y niezwyk\u0142\u0105 histori\u0119, kt\u00f3ra si\u0119ga\u0142a ponad 100 lat wstecz. W 1912 roku, nied\u0142ugo po odzyskaniu przez Mongoli\u0119 niepodleg\u0142o\u015bci od Chin, w\u0142adze tego kraju zleci\u0142y wykonanie 10 000 pos\u0105g\u00f3w Buddy d\u0142ugiego \u017cycia, znanego jako Amitajus. A\u017c 9 000 z tych figurek zosta\u0142o wyprodukowanych w zak\u0142adach firmy Norblin, Bracia Buch i T. Werner w Warszawie. Dwie z tych figurek, dzi\u0119ki uprzejmo\u015bci kustosza Macieja Magury-G\u00f3ralskiego, trafi\u0142y do Muzeum Fabryki Norblina, kt\u00f3re mie\u015bci si\u0119 na dawnych terenach fabrycznych.<\/p>\n\n\n\n<p class=\"wp-block-paragraph\">Wystawa umo\u017cliwi\u0142a odwiedzaj\u0105cym zg\u0142\u0119bienie historii tych figurek, kt\u00f3rej dalszy ci\u0105g by\u0142 r\u00f3wnie interesuj\u0105cy. Figurki trafi\u0142y do \u015bwi\u0105tyni Megd\u017cid D\u017canrajsig w klasztorze Gandan w stolicy Mongolii, lecz w wyniku rewolucji komunistycznej w latach 30. XX wieku wi\u0119kszo\u015b\u0107 tych cennych zbior\u00f3w zosta\u0142a zniszczona lub rozgrabiona.<\/p>\n\n\n\n<p class=\"wp-block-paragraph\">\u2013 <strong>Ta historia by\u0142a rzeczywi\u015bcie niesamowita<\/strong> \u2013 m\u00f3wi\u0142 Artur Setniewski, dyrektor Muzeum Fabryki Norblina. \u2013 <strong>9 000 figurek Buddy z Fabryki Norblina trafi\u0142o do \u015bwi\u0105tyni Megd\u017cid D\u017canrajsig, jednak po rewolucji komunistycznej zbiory te zosta\u0142y niemal doszcz\u0119tnie zniszczone. W imieniu Muzeum Fabryki Norblina chc\u0119 serdecznie podzi\u0119kowa\u0107 Panu kustoszowi Maciejowi Magurze-G\u00f3ralskiemu za ich wypo\u017cyczenie. Dzi\u0119ki temu go\u015bcie naszego Muzeum mogli pozna\u0107 t\u0119 niezwykle ciekaw\u0105 histori\u0119 i nietypowy wyr\u00f3b zak\u0142ad\u00f3w przy \u017belaznej<\/strong>.<\/p>\n\n\n\n<p class=\"wp-block-paragraph\">Wystaw\u0119 mo\u017cna by\u0142o podziwia\u0107 w jednej z witryn muzealnych w Fabryce Norblina, a pe\u0142ne szczeg\u00f3\u0142y tej fascynuj\u0105cej historii mo\u017cna by\u0142o pozna\u0107 podczas zwiedzania Muzeum z przewodnikiem.<\/p>\n\n\n<!-- wp:themify-builder\/canvas \/-->","protected":false},"excerpt":{"rendered":"<p>Wystawa pt. &#8222;Budda Warszawski&#8221;, kt\u00f3ra odbywa\u0142a si\u0119 od 10 pa\u017adziernika 2023 roku do 17 marca 2024 roku w Muzeum Fabryki Norblina w Warszawie, by\u0142a wydarzeniem, kt\u00f3re wzbogaci\u0142o ekspozycj\u0119 o zaskakuj\u0105ce eksponaty. Na \u017belazn\u0105 51\/53 wr\u00f3ci\u0142y wtedy dwie figurki Buddy, wyprodukowane w fabryce Norblina oko\u0142o 1913\/1914 roku na zam\u00f3wienie rz\u0105du Mongolii. Te blaszane figurki Buddy mia\u0142y [&hellip;]<\/p>\n","protected":false},"author":10,"featured_media":3106,"comment_status":"closed","ping_status":"closed","sticky":false,"template":"","format":"standard","meta":{"_acf_changed":false,"_monsterinsights_skip_tracking":false,"footnotes":""},"categories":[59],"tags":[],"class_list":["post-3101","post","type-post","status-publish","format-standard","has-post-thumbnail","hentry","category-wystawy-czasowe","has-post-title","has-post-date","has-post-category","has-post-tag","has-post-comment","has-post-author",""],"acf":[],"yoast_head":"<!-- This site is optimized with the Yoast SEO plugin v28.2 - https:\/\/yoast.com\/product\/yoast-seo-wordpress\/ -->\n<title>Budda Warszawski | Muzeum Fabryki Norblina<\/title>\n<meta name=\"robots\" content=\"index, follow, max-snippet:-1, max-image-preview:large, max-video-preview:-1\" \/>\n<link rel=\"canonical\" href=\"https:\/\/muzeumfabrykinorblina.pl\/?p=3101\" \/>\n<meta property=\"og:locale\" content=\"pl_PL\" \/>\n<meta property=\"og:type\" content=\"article\" \/>\n<meta property=\"og:title\" content=\"Budda Warszawski | Muzeum Fabryki Norblina\" \/>\n<meta property=\"og:description\" content=\"Wystawa pt. &#8222;Budda Warszawski&#8221;, kt\u00f3ra odbywa\u0142a si\u0119 od 10 pa\u017adziernika 2023 roku do 17 marca 2024 roku w Muzeum Fabryki Norblina w Warszawie, by\u0142a wydarzeniem, kt\u00f3re wzbogaci\u0142o ekspozycj\u0119 o zaskakuj\u0105ce eksponaty. Na \u017belazn\u0105 51\/53 wr\u00f3ci\u0142y wtedy dwie figurki Buddy, wyprodukowane w fabryce Norblina oko\u0142o 1913\/1914 roku na zam\u00f3wienie rz\u0105du Mongolii. Te blaszane figurki Buddy mia\u0142y [&hellip;]\" \/>\n<meta property=\"og:url\" content=\"https:\/\/muzeumfabrykinorblina.pl\/?p=3101\" \/>\n<meta property=\"og:site_name\" content=\"Muzeum Fabryki Norblina\" \/>\n<meta property=\"article:publisher\" content=\"https:\/\/www.facebook.com\/MuzeumFabrykiNorblina\" \/>\n<meta property=\"article:published_time\" content=\"2023-10-10T13:19:00+00:00\" \/>\n<meta property=\"article:modified_time\" content=\"2024-08-28T13:46:45+00:00\" \/>\n<meta property=\"og:image\" content=\"https:\/\/muzeumfabrykinorblina.pl\/wp-content\/uploads\/2023\/10\/FN_BUDDA_WARSZAWSKI.jpg\" \/>\n\t<meta property=\"og:image:width\" content=\"1080\" \/>\n\t<meta property=\"og:image:height\" content=\"1080\" \/>\n\t<meta property=\"og:image:type\" content=\"image\/jpeg\" \/>\n<meta name=\"author\" content=\"Martyna Duli\u0144ska\" \/>\n<meta name=\"twitter:card\" content=\"summary_large_image\" \/>\n<meta name=\"twitter:label1\" content=\"Napisane przez\" \/>\n\t<meta name=\"twitter:data1\" content=\"Martyna Duli\u0144ska\" \/>\n\t<meta name=\"twitter:label2\" content=\"Szacowany czas czytania\" \/>\n\t<meta name=\"twitter:data2\" content=\"2 minuty\" \/>\n<script type=\"application\/ld+json\" class=\"yoast-schema-graph\">{\"@context\":\"https:\\\/\\\/schema.org\",\"@graph\":[{\"@type\":\"Article\",\"@id\":\"https:\\\/\\\/muzeumfabrykinorblina.pl\\\/?p=3101#article\",\"isPartOf\":{\"@id\":\"https:\\\/\\\/muzeumfabrykinorblina.pl\\\/?p=3101\"},\"author\":{\"name\":\"Martyna Duli\u0144ska\",\"@id\":\"https:\\\/\\\/muzeumfabrykinorblina.pl\\\/#\\\/schema\\\/person\\\/d2388cfb16badb46118fb26254e1173c\"},\"headline\":\"Budda Warszawski\",\"datePublished\":\"2023-10-10T13:19:00+00:00\",\"dateModified\":\"2024-08-28T13:46:45+00:00\",\"mainEntityOfPage\":{\"@id\":\"https:\\\/\\\/muzeumfabrykinorblina.pl\\\/?p=3101\"},\"wordCount\":321,\"publisher\":{\"@id\":\"https:\\\/\\\/muzeumfabrykinorblina.pl\\\/#organization\"},\"image\":{\"@id\":\"https:\\\/\\\/muzeumfabrykinorblina.pl\\\/?p=3101#primaryimage\"},\"thumbnailUrl\":\"https:\\\/\\\/muzeumfabrykinorblina.pl\\\/wp-content\\\/uploads\\\/2023\\\/10\\\/FN_BUDDA_WARSZAWSKI.jpg\",\"articleSection\":[\"Wystawy czasowe\"],\"inLanguage\":\"pl-PL\"},{\"@type\":\"WebPage\",\"@id\":\"https:\\\/\\\/muzeumfabrykinorblina.pl\\\/?p=3101\",\"url\":\"https:\\\/\\\/muzeumfabrykinorblina.pl\\\/?p=3101\",\"name\":\"Budda Warszawski | Muzeum Fabryki Norblina\",\"isPartOf\":{\"@id\":\"https:\\\/\\\/muzeumfabrykinorblina.pl\\\/#website\"},\"primaryImageOfPage\":{\"@id\":\"https:\\\/\\\/muzeumfabrykinorblina.pl\\\/?p=3101#primaryimage\"},\"image\":{\"@id\":\"https:\\\/\\\/muzeumfabrykinorblina.pl\\\/?p=3101#primaryimage\"},\"thumbnailUrl\":\"https:\\\/\\\/muzeumfabrykinorblina.pl\\\/wp-content\\\/uploads\\\/2023\\\/10\\\/FN_BUDDA_WARSZAWSKI.jpg\",\"datePublished\":\"2023-10-10T13:19:00+00:00\",\"dateModified\":\"2024-08-28T13:46:45+00:00\",\"breadcrumb\":{\"@id\":\"https:\\\/\\\/muzeumfabrykinorblina.pl\\\/?p=3101#breadcrumb\"},\"inLanguage\":\"pl-PL\",\"potentialAction\":[{\"@type\":\"ReadAction\",\"target\":[\"https:\\\/\\\/muzeumfabrykinorblina.pl\\\/?p=3101\"]}]},{\"@type\":\"ImageObject\",\"inLanguage\":\"pl-PL\",\"@id\":\"https:\\\/\\\/muzeumfabrykinorblina.pl\\\/?p=3101#primaryimage\",\"url\":\"https:\\\/\\\/muzeumfabrykinorblina.pl\\\/wp-content\\\/uploads\\\/2023\\\/10\\\/FN_BUDDA_WARSZAWSKI.jpg\",\"contentUrl\":\"https:\\\/\\\/muzeumfabrykinorblina.pl\\\/wp-content\\\/uploads\\\/2023\\\/10\\\/FN_BUDDA_WARSZAWSKI.jpg\",\"width\":1080,\"height\":1080},{\"@type\":\"BreadcrumbList\",\"@id\":\"https:\\\/\\\/muzeumfabrykinorblina.pl\\\/?p=3101#breadcrumb\",\"itemListElement\":[{\"@type\":\"ListItem\",\"position\":1,\"name\":\"Strona g\u0142\u00f3wna\",\"item\":\"https:\\\/\\\/muzeumfabrykinorblina.pl\\\/\"},{\"@type\":\"ListItem\",\"position\":2,\"name\":\"Budda Warszawski\"}]},{\"@type\":\"WebSite\",\"@id\":\"https:\\\/\\\/muzeumfabrykinorblina.pl\\\/#website\",\"url\":\"https:\\\/\\\/muzeumfabrykinorblina.pl\\\/\",\"name\":\"Muzeum Fabryki Norblina\",\"description\":\"Fabryka Norblina\",\"publisher\":{\"@id\":\"https:\\\/\\\/muzeumfabrykinorblina.pl\\\/#organization\"},\"potentialAction\":[{\"@type\":\"SearchAction\",\"target\":{\"@type\":\"EntryPoint\",\"urlTemplate\":\"https:\\\/\\\/muzeumfabrykinorblina.pl\\\/?s={search_term_string}\"},\"query-input\":{\"@type\":\"PropertyValueSpecification\",\"valueRequired\":true,\"valueName\":\"search_term_string\"}}],\"inLanguage\":\"pl-PL\"},{\"@type\":\"Organization\",\"@id\":\"https:\\\/\\\/muzeumfabrykinorblina.pl\\\/#organization\",\"name\":\"Muzeum Fabryki Norblina\",\"url\":\"https:\\\/\\\/muzeumfabrykinorblina.pl\\\/\",\"logo\":{\"@type\":\"ImageObject\",\"inLanguage\":\"pl-PL\",\"@id\":\"https:\\\/\\\/muzeumfabrykinorblina.pl\\\/#\\\/schema\\\/logo\\\/image\\\/\",\"url\":\"https:\\\/\\\/muzeumfabrykinorblina.pl\\\/wp-content\\\/uploads\\\/2023\\\/11\\\/MFN_Featured-image_1200x675.jpg\",\"contentUrl\":\"https:\\\/\\\/muzeumfabrykinorblina.pl\\\/wp-content\\\/uploads\\\/2023\\\/11\\\/MFN_Featured-image_1200x675.jpg\",\"width\":1200,\"height\":675,\"caption\":\"Muzeum Fabryki Norblina\"},\"image\":{\"@id\":\"https:\\\/\\\/muzeumfabrykinorblina.pl\\\/#\\\/schema\\\/logo\\\/image\\\/\"},\"sameAs\":[\"https:\\\/\\\/www.facebook.com\\\/MuzeumFabrykiNorblina\",\"https:\\\/\\\/www.instagram.com\\\/muzeumfabrykinorblina\\\/\"]},{\"@type\":\"Person\",\"@id\":\"https:\\\/\\\/muzeumfabrykinorblina.pl\\\/#\\\/schema\\\/person\\\/d2388cfb16badb46118fb26254e1173c\",\"name\":\"Martyna Duli\u0144ska\",\"image\":{\"@type\":\"ImageObject\",\"inLanguage\":\"pl-PL\",\"@id\":\"https:\\\/\\\/secure.gravatar.com\\\/avatar\\\/f08f1cb0c3aeb559afa32edd699f0994e6cd15357a85ab67dd3506224ed9f76b?s=96&d=mm&r=g\",\"url\":\"https:\\\/\\\/secure.gravatar.com\\\/avatar\\\/f08f1cb0c3aeb559afa32edd699f0994e6cd15357a85ab67dd3506224ed9f76b?s=96&d=mm&r=g\",\"contentUrl\":\"https:\\\/\\\/secure.gravatar.com\\\/avatar\\\/f08f1cb0c3aeb559afa32edd699f0994e6cd15357a85ab67dd3506224ed9f76b?s=96&d=mm&r=g\",\"caption\":\"Martyna Duli\u0144ska\"},\"url\":\"https:\\\/\\\/muzeumfabrykinorblina.pl\\\/?author=10\"}]}<\/script>\n<!-- \/ Yoast SEO plugin. -->","yoast_head_json":{"title":"Budda Warszawski | Muzeum Fabryki Norblina","robots":{"index":"index","follow":"follow","max-snippet":"max-snippet:-1","max-image-preview":"max-image-preview:large","max-video-preview":"max-video-preview:-1"},"canonical":"https:\/\/muzeumfabrykinorblina.pl\/?p=3101","og_locale":"pl_PL","og_type":"article","og_title":"Budda Warszawski | Muzeum Fabryki Norblina","og_description":"Wystawa pt. &#8222;Budda Warszawski&#8221;, kt\u00f3ra odbywa\u0142a si\u0119 od 10 pa\u017adziernika 2023 roku do 17 marca 2024 roku w Muzeum Fabryki Norblina w Warszawie, by\u0142a wydarzeniem, kt\u00f3re wzbogaci\u0142o ekspozycj\u0119 o zaskakuj\u0105ce eksponaty. Na \u017belazn\u0105 51\/53 wr\u00f3ci\u0142y wtedy dwie figurki Buddy, wyprodukowane w fabryce Norblina oko\u0142o 1913\/1914 roku na zam\u00f3wienie rz\u0105du Mongolii. Te blaszane figurki Buddy mia\u0142y [&hellip;]","og_url":"https:\/\/muzeumfabrykinorblina.pl\/?p=3101","og_site_name":"Muzeum Fabryki Norblina","article_publisher":"https:\/\/www.facebook.com\/MuzeumFabrykiNorblina","article_published_time":"2023-10-10T13:19:00+00:00","article_modified_time":"2024-08-28T13:46:45+00:00","og_image":[{"width":1080,"height":1080,"url":"https:\/\/muzeumfabrykinorblina.pl\/wp-content\/uploads\/2023\/10\/FN_BUDDA_WARSZAWSKI.jpg","type":"image\/jpeg"}],"author":"Martyna Duli\u0144ska","twitter_card":"summary_large_image","twitter_misc":{"Napisane przez":"Martyna Duli\u0144ska","Szacowany czas czytania":"2 minuty"},"schema":{"@context":"https:\/\/schema.org","@graph":[{"@type":"Article","@id":"https:\/\/muzeumfabrykinorblina.pl\/?p=3101#article","isPartOf":{"@id":"https:\/\/muzeumfabrykinorblina.pl\/?p=3101"},"author":{"name":"Martyna Duli\u0144ska","@id":"https:\/\/muzeumfabrykinorblina.pl\/#\/schema\/person\/d2388cfb16badb46118fb26254e1173c"},"headline":"Budda Warszawski","datePublished":"2023-10-10T13:19:00+00:00","dateModified":"2024-08-28T13:46:45+00:00","mainEntityOfPage":{"@id":"https:\/\/muzeumfabrykinorblina.pl\/?p=3101"},"wordCount":321,"publisher":{"@id":"https:\/\/muzeumfabrykinorblina.pl\/#organization"},"image":{"@id":"https:\/\/muzeumfabrykinorblina.pl\/?p=3101#primaryimage"},"thumbnailUrl":"https:\/\/muzeumfabrykinorblina.pl\/wp-content\/uploads\/2023\/10\/FN_BUDDA_WARSZAWSKI.jpg","articleSection":["Wystawy czasowe"],"inLanguage":"pl-PL"},{"@type":"WebPage","@id":"https:\/\/muzeumfabrykinorblina.pl\/?p=3101","url":"https:\/\/muzeumfabrykinorblina.pl\/?p=3101","name":"Budda Warszawski | Muzeum Fabryki Norblina","isPartOf":{"@id":"https:\/\/muzeumfabrykinorblina.pl\/#website"},"primaryImageOfPage":{"@id":"https:\/\/muzeumfabrykinorblina.pl\/?p=3101#primaryimage"},"image":{"@id":"https:\/\/muzeumfabrykinorblina.pl\/?p=3101#primaryimage"},"thumbnailUrl":"https:\/\/muzeumfabrykinorblina.pl\/wp-content\/uploads\/2023\/10\/FN_BUDDA_WARSZAWSKI.jpg","datePublished":"2023-10-10T13:19:00+00:00","dateModified":"2024-08-28T13:46:45+00:00","breadcrumb":{"@id":"https:\/\/muzeumfabrykinorblina.pl\/?p=3101#breadcrumb"},"inLanguage":"pl-PL","potentialAction":[{"@type":"ReadAction","target":["https:\/\/muzeumfabrykinorblina.pl\/?p=3101"]}]},{"@type":"ImageObject","inLanguage":"pl-PL","@id":"https:\/\/muzeumfabrykinorblina.pl\/?p=3101#primaryimage","url":"https:\/\/muzeumfabrykinorblina.pl\/wp-content\/uploads\/2023\/10\/FN_BUDDA_WARSZAWSKI.jpg","contentUrl":"https:\/\/muzeumfabrykinorblina.pl\/wp-content\/uploads\/2023\/10\/FN_BUDDA_WARSZAWSKI.jpg","width":1080,"height":1080},{"@type":"BreadcrumbList","@id":"https:\/\/muzeumfabrykinorblina.pl\/?p=3101#breadcrumb","itemListElement":[{"@type":"ListItem","position":1,"name":"Strona g\u0142\u00f3wna","item":"https:\/\/muzeumfabrykinorblina.pl\/"},{"@type":"ListItem","position":2,"name":"Budda Warszawski"}]},{"@type":"WebSite","@id":"https:\/\/muzeumfabrykinorblina.pl\/#website","url":"https:\/\/muzeumfabrykinorblina.pl\/","name":"Muzeum Fabryki Norblina","description":"Fabryka Norblina","publisher":{"@id":"https:\/\/muzeumfabrykinorblina.pl\/#organization"},"potentialAction":[{"@type":"SearchAction","target":{"@type":"EntryPoint","urlTemplate":"https:\/\/muzeumfabrykinorblina.pl\/?s={search_term_string}"},"query-input":{"@type":"PropertyValueSpecification","valueRequired":true,"valueName":"search_term_string"}}],"inLanguage":"pl-PL"},{"@type":"Organization","@id":"https:\/\/muzeumfabrykinorblina.pl\/#organization","name":"Muzeum Fabryki Norblina","url":"https:\/\/muzeumfabrykinorblina.pl\/","logo":{"@type":"ImageObject","inLanguage":"pl-PL","@id":"https:\/\/muzeumfabrykinorblina.pl\/#\/schema\/logo\/image\/","url":"https:\/\/muzeumfabrykinorblina.pl\/wp-content\/uploads\/2023\/11\/MFN_Featured-image_1200x675.jpg","contentUrl":"https:\/\/muzeumfabrykinorblina.pl\/wp-content\/uploads\/2023\/11\/MFN_Featured-image_1200x675.jpg","width":1200,"height":675,"caption":"Muzeum Fabryki Norblina"},"image":{"@id":"https:\/\/muzeumfabrykinorblina.pl\/#\/schema\/logo\/image\/"},"sameAs":["https:\/\/www.facebook.com\/MuzeumFabrykiNorblina","https:\/\/www.instagram.com\/muzeumfabrykinorblina\/"]},{"@type":"Person","@id":"https:\/\/muzeumfabrykinorblina.pl\/#\/schema\/person\/d2388cfb16badb46118fb26254e1173c","name":"Martyna Duli\u0144ska","image":{"@type":"ImageObject","inLanguage":"pl-PL","@id":"https:\/\/secure.gravatar.com\/avatar\/f08f1cb0c3aeb559afa32edd699f0994e6cd15357a85ab67dd3506224ed9f76b?s=96&d=mm&r=g","url":"https:\/\/secure.gravatar.com\/avatar\/f08f1cb0c3aeb559afa32edd699f0994e6cd15357a85ab67dd3506224ed9f76b?s=96&d=mm&r=g","contentUrl":"https:\/\/secure.gravatar.com\/avatar\/f08f1cb0c3aeb559afa32edd699f0994e6cd15357a85ab67dd3506224ed9f76b?s=96&d=mm&r=g","caption":"Martyna Duli\u0144ska"},"url":"https:\/\/muzeumfabrykinorblina.pl\/?author=10"}]}},"lang":"pl","translations":{"pl":3101},"builder_content":"","pll_sync_post":{},"_links":{"self":[{"href":"https:\/\/muzeumfabrykinorblina.pl\/index.php?rest_route=\/wp\/v2\/posts\/3101","targetHints":{"allow":["GET"]}}],"collection":[{"href":"https:\/\/muzeumfabrykinorblina.pl\/index.php?rest_route=\/wp\/v2\/posts"}],"about":[{"href":"https:\/\/muzeumfabrykinorblina.pl\/index.php?rest_route=\/wp\/v2\/types\/post"}],"author":[{"embeddable":true,"href":"https:\/\/muzeumfabrykinorblina.pl\/index.php?rest_route=\/wp\/v2\/users\/10"}],"replies":[{"embeddable":true,"href":"https:\/\/muzeumfabrykinorblina.pl\/index.php?rest_route=%2Fwp%2Fv2%2Fcomments&post=3101"}],"version-history":[{"count":0,"href":"https:\/\/muzeumfabrykinorblina.pl\/index.php?rest_route=\/wp\/v2\/posts\/3101\/revisions"}],"wp:featuredmedia":[{"embeddable":true,"href":"https:\/\/muzeumfabrykinorblina.pl\/index.php?rest_route=\/wp\/v2\/media\/3106"}],"wp:attachment":[{"href":"https:\/\/muzeumfabrykinorblina.pl\/index.php?rest_route=%2Fwp%2Fv2%2Fmedia&parent=3101"}],"wp:term":[{"taxonomy":"category","embeddable":true,"href":"https:\/\/muzeumfabrykinorblina.pl\/index.php?rest_route=%2Fwp%2Fv2%2Fcategories&post=3101"},{"taxonomy":"post_tag","embeddable":true,"href":"https:\/\/muzeumfabrykinorblina.pl\/index.php?rest_route=%2Fwp%2Fv2%2Ftags&post=3101"}],"curies":[{"name":"wp","href":"https:\/\/api.w.org\/{rel}","templated":true}]}}