{"id":3087,"date":"2024-08-22T09:53:13","date_gmt":"2024-08-22T09:53:13","guid":{"rendered":"https:\/\/muzeumfabrykinorblina.pl\/?p=3087"},"modified":"2025-05-19T12:53:32","modified_gmt":"2025-05-19T12:53:32","slug":"nowa-ksiazka-o-julii-keilowej-zachecamy-do-lektury","status":"publish","type":"post","link":"https:\/\/muzeumfabrykinorblina.pl\/?p=3087","title":{"rendered":"Nowa ksi\u0105\u017cka o Julii Keilowej \u2013 zach\u0119camy do lektury!"},"content":{"rendered":"\n<p class=\"wp-block-paragraph\">Z rado\u015bci\u0105 informujemy, \u017ce 21 sierpnia 2024 roku odby\u0142a si\u0119 premiera ksi\u0105\u017cki Ma\u0142gorzaty Czy\u0144skiej \u201eJulia Keilowa. Biografia\u201d, po\u015bwi\u0119conej jednej z najwa\u017cniejszych postaci polskiego wzornictwa w dwudziestoleciu mi\u0119dzywojennym. Muzeum Fabryki Norblina, jako partner tego wyj\u0105tkowego projektu, serdecznie zach\u0119ca do si\u0119gni\u0119cia po ten arcyciekawy \u017cyciorys, kt\u00f3ry wchodzi w sk\u0142ad serii \u201eProjektantki\u201d.<\/p>\n\n\n\n<p class=\"wp-block-paragraph\">Julia Keilowa (1902\u20131942) by\u0142a wybitn\u0105 warszawsk\u0105 metaloplastyczk\u0105, kt\u00f3ra swoimi projektami zrewolucjonizowa\u0142a przedmioty codziennego u\u017cytku, nadaj\u0105c im elegancki i nowoczesny styl art d\u00e9co. W ksi\u0105\u017cce Czy\u0144ska nie tylko przywraca pami\u0119\u0107 o tej znakomitej artystce, ale r\u00f3wnie\u017c rekonstruuje jej niezwyk\u0142\u0105 biografi\u0119, odkrywaj\u0105c na nowo jej wk\u0142ad w polsk\u0105 i europejsk\u0105 sztuk\u0119 u\u017cytkow\u0105.<\/p>\n\n\n\n<p class=\"wp-block-paragraph\">Publikacja ta to doskona\u0142a okazja, aby pozna\u0107 histori\u0119 kobiety, kt\u00f3rej tw\u00f3rczo\u015b\u0107, cho\u0107 dzi\u015b uznawana za ikoniczn\u0105, pozostawa\u0142a przez d\u0142ugi czas zapomniana. W ksi\u0105\u017cce zestawiono dorobek Keilowej z tw\u00f3rczo\u015bci\u0105 jej wsp\u00f3\u0142czesnych \u2013 Soni Delaunay, Jutty Sika, Christy Ehrlich i Sylvii Stave, co pozwala spojrze\u0107 na jej dzie\u0142a w szerszym, mi\u0119dzynarodowym kontek\u015bcie.<\/p>\n\n\n\n<p class=\"wp-block-paragraph\">Nasze Muzeum nie bez powodu zosta\u0142o partnerem tej publikacji. Julia Keilowa by\u0142a bowiem zwi\u0105zana z Fabryk\u0105 Norblina w 20-leciu mi\u0119dzywojennym.&nbsp; Jednym z przedmiot\u00f3w zaprojektowanych przez ni\u0105 ok. 1935 roku na zlecenie zak\u0142ad\u00f3w przy \u017belaznej 51\/53 by\u0142a cukiernica Kula \u2013 zaliczana dzi\u015b do kanonu polskiego wzornictwa.&nbsp; Mi\u0119dzy innymi ten przedmiot mo\u017cna nadal ogl\u0105da\u0107 na naszej wystawie czasowej \u201ePlatery art deco z Fabryki Norblina\u201d, kt\u00f3r\u0105 tworzy ekspozycja plater\u00f3w, wytwarzanych w Fabryce Norblina w latach 30. XX wieku (b\u0119dzie go r\u00f3wnie\u017c mo\u017cna dalej ogklada\u0107 na wystwie sta\u0142ej \u2013 w jednej z gablot tworz\u0105cych aran\u017cacj\u0119 przedwiojennego sklepu firmowego Norblin, Bracia Buch i T. Werner z Marsza\u0142kowskiej 127 w Warszawie). <s>.<\/s><\/p>\n\n\n\n<p class=\"wp-block-paragraph\">Przypominamy r\u00f3wnie\u017c, \u017ce do 1 wrze\u015bnia w Muzeum Warszawy trwa monograficzna wystawa po\u015bwi\u0119cona Julii Keilowej. Wystawa ta skupia si\u0119 na roli artystek-projektantek w pierwszych dekadach XX wieku oraz na procesie nobilitacji wzornictwa jako pe\u0142noprawnej dziedziny sztuki.<\/p>\n\n\n\n<p class=\"wp-block-paragraph\">Zapraszamy do lektury i odkrywania fascynuj\u0105cej historii jednej z najwybitniejszych polskich projektantek!<\/p>\n\n\n\n<p class=\"wp-block-paragraph\"><strong>O autorce:<\/strong><\/p>\n\n\n\n<p class=\"wp-block-paragraph\">Ma\u0142gorzata Czy\u0144ska \u2013 uznana pisarka, dziennikarka i historyczka sztuki, specjalizuj\u0105ca si\u0119 w krytyce dizajnu oraz kuratorstwie wystaw. Jej ksi\u0105\u017cki, takie jak \u201eKobro. Skok w przestrze\u0144\u201d czy \u201eWitkacy i kobiety\u201d, zdoby\u0142y uznanie zar\u00f3wno w Polsce, jak i za granic\u0105. Ksi\u0105\u017cka o Julii Keilowej to kolejna pozycja w jej imponuj\u0105cym dorobku literackim, kt\u00f3r\u0105 warto mie\u0107 na swojej p\u00f3\u0142ce.<\/p>\n\n\n<!-- wp:themify-builder\/canvas \/-->","protected":false},"excerpt":{"rendered":"<p>Z rado\u015bci\u0105 informujemy, \u017ce 21 sierpnia 2024 roku odby\u0142a si\u0119 premiera ksi\u0105\u017cki Ma\u0142gorzaty Czy\u0144skiej \u201eJulia Keilowa. Biografia\u201d, po\u015bwi\u0119conej jednej z najwa\u017cniejszych postaci polskiego wzornictwa w dwudziestoleciu mi\u0119dzywojennym. Muzeum Fabryki Norblina, jako partner tego wyj\u0105tkowego projektu, serdecznie zach\u0119ca do si\u0119gni\u0119cia po ten arcyciekawy \u017cyciorys, kt\u00f3ry wchodzi w sk\u0142ad serii \u201eProjektantki\u201d. Julia Keilowa (1902\u20131942) by\u0142a wybitn\u0105 warszawsk\u0105 [&hellip;]<\/p>\n","protected":false},"author":9,"featured_media":3088,"comment_status":"closed","ping_status":"closed","sticky":false,"template":"","format":"standard","meta":{"_acf_changed":false,"_monsterinsights_skip_tracking":false,"footnotes":""},"categories":[29],"tags":[],"class_list":["post-3087","post","type-post","status-publish","format-standard","has-post-thumbnail","hentry","category-aktualnosci","has-post-title","has-post-date","has-post-category","has-post-tag","has-post-comment","has-post-author",""],"acf":[],"yoast_head":"<!-- This site is optimized with the Yoast SEO plugin v28.2 - https:\/\/yoast.com\/product\/yoast-seo-wordpress\/ -->\n<title>Nowa ksi\u0105\u017cka o Julii Keilowej \u2013 zach\u0119camy do lektury! | Muzeum Fabryki Norblina<\/title>\n<meta name=\"robots\" content=\"index, follow, max-snippet:-1, max-image-preview:large, max-video-preview:-1\" \/>\n<link rel=\"canonical\" href=\"https:\/\/muzeumfabrykinorblina.pl\/?p=3087\" \/>\n<meta property=\"og:locale\" content=\"pl_PL\" \/>\n<meta property=\"og:type\" content=\"article\" \/>\n<meta property=\"og:title\" content=\"Nowa ksi\u0105\u017cka o Julii Keilowej \u2013 zach\u0119camy do lektury! | Muzeum Fabryki Norblina\" \/>\n<meta property=\"og:description\" content=\"Z rado\u015bci\u0105 informujemy, \u017ce 21 sierpnia 2024 roku odby\u0142a si\u0119 premiera ksi\u0105\u017cki Ma\u0142gorzaty Czy\u0144skiej \u201eJulia Keilowa. Biografia\u201d, po\u015bwi\u0119conej jednej z najwa\u017cniejszych postaci polskiego wzornictwa w dwudziestoleciu mi\u0119dzywojennym. Muzeum Fabryki Norblina, jako partner tego wyj\u0105tkowego projektu, serdecznie zach\u0119ca do si\u0119gni\u0119cia po ten arcyciekawy \u017cyciorys, kt\u00f3ry wchodzi w sk\u0142ad serii \u201eProjektantki\u201d. Julia Keilowa (1902\u20131942) by\u0142a wybitn\u0105 warszawsk\u0105 [&hellip;]\" \/>\n<meta property=\"og:url\" content=\"https:\/\/muzeumfabrykinorblina.pl\/?p=3087\" \/>\n<meta property=\"og:site_name\" content=\"Muzeum Fabryki Norblina\" \/>\n<meta property=\"article:publisher\" content=\"https:\/\/www.facebook.com\/MuzeumFabrykiNorblina\" \/>\n<meta property=\"article:published_time\" content=\"2024-08-22T09:53:13+00:00\" \/>\n<meta property=\"article:modified_time\" content=\"2025-05-19T12:53:32+00:00\" \/>\n<meta property=\"og:image\" content=\"https:\/\/muzeumfabrykinorblina.pl\/wp-content\/uploads\/2024\/08\/Julia_Keilowa_Marginesy_MFN.jpg\" \/>\n\t<meta property=\"og:image:width\" content=\"1080\" \/>\n\t<meta property=\"og:image:height\" content=\"1080\" \/>\n\t<meta property=\"og:image:type\" content=\"image\/jpeg\" \/>\n<meta name=\"author\" content=\"Agata Ilnicka\" \/>\n<meta name=\"twitter:card\" content=\"summary_large_image\" \/>\n<meta name=\"twitter:label1\" content=\"Napisane przez\" \/>\n\t<meta name=\"twitter:data1\" content=\"Agata Ilnicka\" \/>\n\t<meta name=\"twitter:label2\" content=\"Szacowany czas czytania\" \/>\n\t<meta name=\"twitter:data2\" content=\"3 minuty\" \/>\n<script type=\"application\/ld+json\" class=\"yoast-schema-graph\">{\"@context\":\"https:\\\/\\\/schema.org\",\"@graph\":[{\"@type\":\"Article\",\"@id\":\"https:\\\/\\\/muzeumfabrykinorblina.pl\\\/?p=3087#article\",\"isPartOf\":{\"@id\":\"https:\\\/\\\/muzeumfabrykinorblina.pl\\\/?p=3087\"},\"author\":{\"name\":\"Agata Ilnicka\",\"@id\":\"https:\\\/\\\/muzeumfabrykinorblina.pl\\\/#\\\/schema\\\/person\\\/4f1632ef79031887e0e24c4ea9d3472e\"},\"headline\":\"Nowa ksi\u0105\u017cka o Julii Keilowej \u2013 zach\u0119camy do lektury!\",\"datePublished\":\"2024-08-22T09:53:13+00:00\",\"dateModified\":\"2025-05-19T12:53:32+00:00\",\"mainEntityOfPage\":{\"@id\":\"https:\\\/\\\/muzeumfabrykinorblina.pl\\\/?p=3087\"},\"wordCount\":435,\"publisher\":{\"@id\":\"https:\\\/\\\/muzeumfabrykinorblina.pl\\\/#organization\"},\"image\":{\"@id\":\"https:\\\/\\\/muzeumfabrykinorblina.pl\\\/?p=3087#primaryimage\"},\"thumbnailUrl\":\"https:\\\/\\\/muzeumfabrykinorblina.pl\\\/wp-content\\\/uploads\\\/2024\\\/08\\\/Julia_Keilowa_Marginesy_MFN.jpg\",\"articleSection\":[\"Aktualno\u015bci\"],\"inLanguage\":\"pl-PL\"},{\"@type\":\"WebPage\",\"@id\":\"https:\\\/\\\/muzeumfabrykinorblina.pl\\\/?p=3087\",\"url\":\"https:\\\/\\\/muzeumfabrykinorblina.pl\\\/?p=3087\",\"name\":\"Nowa ksi\u0105\u017cka o Julii Keilowej \u2013 zach\u0119camy do lektury! | Muzeum Fabryki Norblina\",\"isPartOf\":{\"@id\":\"https:\\\/\\\/muzeumfabrykinorblina.pl\\\/#website\"},\"primaryImageOfPage\":{\"@id\":\"https:\\\/\\\/muzeumfabrykinorblina.pl\\\/?p=3087#primaryimage\"},\"image\":{\"@id\":\"https:\\\/\\\/muzeumfabrykinorblina.pl\\\/?p=3087#primaryimage\"},\"thumbnailUrl\":\"https:\\\/\\\/muzeumfabrykinorblina.pl\\\/wp-content\\\/uploads\\\/2024\\\/08\\\/Julia_Keilowa_Marginesy_MFN.jpg\",\"datePublished\":\"2024-08-22T09:53:13+00:00\",\"dateModified\":\"2025-05-19T12:53:32+00:00\",\"breadcrumb\":{\"@id\":\"https:\\\/\\\/muzeumfabrykinorblina.pl\\\/?p=3087#breadcrumb\"},\"inLanguage\":\"pl-PL\",\"potentialAction\":[{\"@type\":\"ReadAction\",\"target\":[\"https:\\\/\\\/muzeumfabrykinorblina.pl\\\/?p=3087\"]}]},{\"@type\":\"ImageObject\",\"inLanguage\":\"pl-PL\",\"@id\":\"https:\\\/\\\/muzeumfabrykinorblina.pl\\\/?p=3087#primaryimage\",\"url\":\"https:\\\/\\\/muzeumfabrykinorblina.pl\\\/wp-content\\\/uploads\\\/2024\\\/08\\\/Julia_Keilowa_Marginesy_MFN.jpg\",\"contentUrl\":\"https:\\\/\\\/muzeumfabrykinorblina.pl\\\/wp-content\\\/uploads\\\/2024\\\/08\\\/Julia_Keilowa_Marginesy_MFN.jpg\",\"width\":1080,\"height\":1080},{\"@type\":\"BreadcrumbList\",\"@id\":\"https:\\\/\\\/muzeumfabrykinorblina.pl\\\/?p=3087#breadcrumb\",\"itemListElement\":[{\"@type\":\"ListItem\",\"position\":1,\"name\":\"Strona g\u0142\u00f3wna\",\"item\":\"https:\\\/\\\/muzeumfabrykinorblina.pl\\\/\"},{\"@type\":\"ListItem\",\"position\":2,\"name\":\"Nowa ksi\u0105\u017cka o Julii Keilowej \u2013 zach\u0119camy do lektury!\"}]},{\"@type\":\"WebSite\",\"@id\":\"https:\\\/\\\/muzeumfabrykinorblina.pl\\\/#website\",\"url\":\"https:\\\/\\\/muzeumfabrykinorblina.pl\\\/\",\"name\":\"Muzeum Fabryki Norblina\",\"description\":\"Fabryka Norblina\",\"publisher\":{\"@id\":\"https:\\\/\\\/muzeumfabrykinorblina.pl\\\/#organization\"},\"potentialAction\":[{\"@type\":\"SearchAction\",\"target\":{\"@type\":\"EntryPoint\",\"urlTemplate\":\"https:\\\/\\\/muzeumfabrykinorblina.pl\\\/?s={search_term_string}\"},\"query-input\":{\"@type\":\"PropertyValueSpecification\",\"valueRequired\":true,\"valueName\":\"search_term_string\"}}],\"inLanguage\":\"pl-PL\"},{\"@type\":\"Organization\",\"@id\":\"https:\\\/\\\/muzeumfabrykinorblina.pl\\\/#organization\",\"name\":\"Muzeum Fabryki Norblina\",\"url\":\"https:\\\/\\\/muzeumfabrykinorblina.pl\\\/\",\"logo\":{\"@type\":\"ImageObject\",\"inLanguage\":\"pl-PL\",\"@id\":\"https:\\\/\\\/muzeumfabrykinorblina.pl\\\/#\\\/schema\\\/logo\\\/image\\\/\",\"url\":\"https:\\\/\\\/muzeumfabrykinorblina.pl\\\/wp-content\\\/uploads\\\/2023\\\/11\\\/MFN_Featured-image_1200x675.jpg\",\"contentUrl\":\"https:\\\/\\\/muzeumfabrykinorblina.pl\\\/wp-content\\\/uploads\\\/2023\\\/11\\\/MFN_Featured-image_1200x675.jpg\",\"width\":1200,\"height\":675,\"caption\":\"Muzeum Fabryki Norblina\"},\"image\":{\"@id\":\"https:\\\/\\\/muzeumfabrykinorblina.pl\\\/#\\\/schema\\\/logo\\\/image\\\/\"},\"sameAs\":[\"https:\\\/\\\/www.facebook.com\\\/MuzeumFabrykiNorblina\",\"https:\\\/\\\/www.instagram.com\\\/muzeumfabrykinorblina\\\/\"]},{\"@type\":\"Person\",\"@id\":\"https:\\\/\\\/muzeumfabrykinorblina.pl\\\/#\\\/schema\\\/person\\\/4f1632ef79031887e0e24c4ea9d3472e\",\"name\":\"Agata Ilnicka\",\"image\":{\"@type\":\"ImageObject\",\"inLanguage\":\"pl-PL\",\"@id\":\"https:\\\/\\\/secure.gravatar.com\\\/avatar\\\/0c850e3cc969e3bec61971337ea044add4e3b6da745c50448fbab5c86b0b85d9?s=96&d=mm&r=g\",\"url\":\"https:\\\/\\\/secure.gravatar.com\\\/avatar\\\/0c850e3cc969e3bec61971337ea044add4e3b6da745c50448fbab5c86b0b85d9?s=96&d=mm&r=g\",\"contentUrl\":\"https:\\\/\\\/secure.gravatar.com\\\/avatar\\\/0c850e3cc969e3bec61971337ea044add4e3b6da745c50448fbab5c86b0b85d9?s=96&d=mm&r=g\",\"caption\":\"Agata Ilnicka\"},\"url\":\"https:\\\/\\\/muzeumfabrykinorblina.pl\\\/?author=9\"}]}<\/script>\n<!-- \/ Yoast SEO plugin. -->","yoast_head_json":{"title":"Nowa ksi\u0105\u017cka o Julii Keilowej \u2013 zach\u0119camy do lektury! | Muzeum Fabryki Norblina","robots":{"index":"index","follow":"follow","max-snippet":"max-snippet:-1","max-image-preview":"max-image-preview:large","max-video-preview":"max-video-preview:-1"},"canonical":"https:\/\/muzeumfabrykinorblina.pl\/?p=3087","og_locale":"pl_PL","og_type":"article","og_title":"Nowa ksi\u0105\u017cka o Julii Keilowej \u2013 zach\u0119camy do lektury! | Muzeum Fabryki Norblina","og_description":"Z rado\u015bci\u0105 informujemy, \u017ce 21 sierpnia 2024 roku odby\u0142a si\u0119 premiera ksi\u0105\u017cki Ma\u0142gorzaty Czy\u0144skiej \u201eJulia Keilowa. Biografia\u201d, po\u015bwi\u0119conej jednej z najwa\u017cniejszych postaci polskiego wzornictwa w dwudziestoleciu mi\u0119dzywojennym. Muzeum Fabryki Norblina, jako partner tego wyj\u0105tkowego projektu, serdecznie zach\u0119ca do si\u0119gni\u0119cia po ten arcyciekawy \u017cyciorys, kt\u00f3ry wchodzi w sk\u0142ad serii \u201eProjektantki\u201d. Julia Keilowa (1902\u20131942) by\u0142a wybitn\u0105 warszawsk\u0105 [&hellip;]","og_url":"https:\/\/muzeumfabrykinorblina.pl\/?p=3087","og_site_name":"Muzeum Fabryki Norblina","article_publisher":"https:\/\/www.facebook.com\/MuzeumFabrykiNorblina","article_published_time":"2024-08-22T09:53:13+00:00","article_modified_time":"2025-05-19T12:53:32+00:00","og_image":[{"width":1080,"height":1080,"url":"https:\/\/muzeumfabrykinorblina.pl\/wp-content\/uploads\/2024\/08\/Julia_Keilowa_Marginesy_MFN.jpg","type":"image\/jpeg"}],"author":"Agata Ilnicka","twitter_card":"summary_large_image","twitter_misc":{"Napisane przez":"Agata Ilnicka","Szacowany czas czytania":"3 minuty"},"schema":{"@context":"https:\/\/schema.org","@graph":[{"@type":"Article","@id":"https:\/\/muzeumfabrykinorblina.pl\/?p=3087#article","isPartOf":{"@id":"https:\/\/muzeumfabrykinorblina.pl\/?p=3087"},"author":{"name":"Agata Ilnicka","@id":"https:\/\/muzeumfabrykinorblina.pl\/#\/schema\/person\/4f1632ef79031887e0e24c4ea9d3472e"},"headline":"Nowa ksi\u0105\u017cka o Julii Keilowej \u2013 zach\u0119camy do lektury!","datePublished":"2024-08-22T09:53:13+00:00","dateModified":"2025-05-19T12:53:32+00:00","mainEntityOfPage":{"@id":"https:\/\/muzeumfabrykinorblina.pl\/?p=3087"},"wordCount":435,"publisher":{"@id":"https:\/\/muzeumfabrykinorblina.pl\/#organization"},"image":{"@id":"https:\/\/muzeumfabrykinorblina.pl\/?p=3087#primaryimage"},"thumbnailUrl":"https:\/\/muzeumfabrykinorblina.pl\/wp-content\/uploads\/2024\/08\/Julia_Keilowa_Marginesy_MFN.jpg","articleSection":["Aktualno\u015bci"],"inLanguage":"pl-PL"},{"@type":"WebPage","@id":"https:\/\/muzeumfabrykinorblina.pl\/?p=3087","url":"https:\/\/muzeumfabrykinorblina.pl\/?p=3087","name":"Nowa ksi\u0105\u017cka o Julii Keilowej \u2013 zach\u0119camy do lektury! | Muzeum Fabryki Norblina","isPartOf":{"@id":"https:\/\/muzeumfabrykinorblina.pl\/#website"},"primaryImageOfPage":{"@id":"https:\/\/muzeumfabrykinorblina.pl\/?p=3087#primaryimage"},"image":{"@id":"https:\/\/muzeumfabrykinorblina.pl\/?p=3087#primaryimage"},"thumbnailUrl":"https:\/\/muzeumfabrykinorblina.pl\/wp-content\/uploads\/2024\/08\/Julia_Keilowa_Marginesy_MFN.jpg","datePublished":"2024-08-22T09:53:13+00:00","dateModified":"2025-05-19T12:53:32+00:00","breadcrumb":{"@id":"https:\/\/muzeumfabrykinorblina.pl\/?p=3087#breadcrumb"},"inLanguage":"pl-PL","potentialAction":[{"@type":"ReadAction","target":["https:\/\/muzeumfabrykinorblina.pl\/?p=3087"]}]},{"@type":"ImageObject","inLanguage":"pl-PL","@id":"https:\/\/muzeumfabrykinorblina.pl\/?p=3087#primaryimage","url":"https:\/\/muzeumfabrykinorblina.pl\/wp-content\/uploads\/2024\/08\/Julia_Keilowa_Marginesy_MFN.jpg","contentUrl":"https:\/\/muzeumfabrykinorblina.pl\/wp-content\/uploads\/2024\/08\/Julia_Keilowa_Marginesy_MFN.jpg","width":1080,"height":1080},{"@type":"BreadcrumbList","@id":"https:\/\/muzeumfabrykinorblina.pl\/?p=3087#breadcrumb","itemListElement":[{"@type":"ListItem","position":1,"name":"Strona g\u0142\u00f3wna","item":"https:\/\/muzeumfabrykinorblina.pl\/"},{"@type":"ListItem","position":2,"name":"Nowa ksi\u0105\u017cka o Julii Keilowej \u2013 zach\u0119camy do lektury!"}]},{"@type":"WebSite","@id":"https:\/\/muzeumfabrykinorblina.pl\/#website","url":"https:\/\/muzeumfabrykinorblina.pl\/","name":"Muzeum Fabryki Norblina","description":"Fabryka Norblina","publisher":{"@id":"https:\/\/muzeumfabrykinorblina.pl\/#organization"},"potentialAction":[{"@type":"SearchAction","target":{"@type":"EntryPoint","urlTemplate":"https:\/\/muzeumfabrykinorblina.pl\/?s={search_term_string}"},"query-input":{"@type":"PropertyValueSpecification","valueRequired":true,"valueName":"search_term_string"}}],"inLanguage":"pl-PL"},{"@type":"Organization","@id":"https:\/\/muzeumfabrykinorblina.pl\/#organization","name":"Muzeum Fabryki Norblina","url":"https:\/\/muzeumfabrykinorblina.pl\/","logo":{"@type":"ImageObject","inLanguage":"pl-PL","@id":"https:\/\/muzeumfabrykinorblina.pl\/#\/schema\/logo\/image\/","url":"https:\/\/muzeumfabrykinorblina.pl\/wp-content\/uploads\/2023\/11\/MFN_Featured-image_1200x675.jpg","contentUrl":"https:\/\/muzeumfabrykinorblina.pl\/wp-content\/uploads\/2023\/11\/MFN_Featured-image_1200x675.jpg","width":1200,"height":675,"caption":"Muzeum Fabryki Norblina"},"image":{"@id":"https:\/\/muzeumfabrykinorblina.pl\/#\/schema\/logo\/image\/"},"sameAs":["https:\/\/www.facebook.com\/MuzeumFabrykiNorblina","https:\/\/www.instagram.com\/muzeumfabrykinorblina\/"]},{"@type":"Person","@id":"https:\/\/muzeumfabrykinorblina.pl\/#\/schema\/person\/4f1632ef79031887e0e24c4ea9d3472e","name":"Agata Ilnicka","image":{"@type":"ImageObject","inLanguage":"pl-PL","@id":"https:\/\/secure.gravatar.com\/avatar\/0c850e3cc969e3bec61971337ea044add4e3b6da745c50448fbab5c86b0b85d9?s=96&d=mm&r=g","url":"https:\/\/secure.gravatar.com\/avatar\/0c850e3cc969e3bec61971337ea044add4e3b6da745c50448fbab5c86b0b85d9?s=96&d=mm&r=g","contentUrl":"https:\/\/secure.gravatar.com\/avatar\/0c850e3cc969e3bec61971337ea044add4e3b6da745c50448fbab5c86b0b85d9?s=96&d=mm&r=g","caption":"Agata Ilnicka"},"url":"https:\/\/muzeumfabrykinorblina.pl\/?author=9"}]}},"lang":"pl","translations":{"pl":3087},"builder_content":"","pll_sync_post":{},"_links":{"self":[{"href":"https:\/\/muzeumfabrykinorblina.pl\/index.php?rest_route=\/wp\/v2\/posts\/3087","targetHints":{"allow":["GET"]}}],"collection":[{"href":"https:\/\/muzeumfabrykinorblina.pl\/index.php?rest_route=\/wp\/v2\/posts"}],"about":[{"href":"https:\/\/muzeumfabrykinorblina.pl\/index.php?rest_route=\/wp\/v2\/types\/post"}],"author":[{"embeddable":true,"href":"https:\/\/muzeumfabrykinorblina.pl\/index.php?rest_route=\/wp\/v2\/users\/9"}],"replies":[{"embeddable":true,"href":"https:\/\/muzeumfabrykinorblina.pl\/index.php?rest_route=%2Fwp%2Fv2%2Fcomments&post=3087"}],"version-history":[{"count":0,"href":"https:\/\/muzeumfabrykinorblina.pl\/index.php?rest_route=\/wp\/v2\/posts\/3087\/revisions"}],"wp:featuredmedia":[{"embeddable":true,"href":"https:\/\/muzeumfabrykinorblina.pl\/index.php?rest_route=\/wp\/v2\/media\/3088"}],"wp:attachment":[{"href":"https:\/\/muzeumfabrykinorblina.pl\/index.php?rest_route=%2Fwp%2Fv2%2Fmedia&parent=3087"}],"wp:term":[{"taxonomy":"category","embeddable":true,"href":"https:\/\/muzeumfabrykinorblina.pl\/index.php?rest_route=%2Fwp%2Fv2%2Fcategories&post=3087"},{"taxonomy":"post_tag","embeddable":true,"href":"https:\/\/muzeumfabrykinorblina.pl\/index.php?rest_route=%2Fwp%2Fv2%2Ftags&post=3087"}],"curies":[{"name":"wp","href":"https:\/\/api.w.org\/{rel}","templated":true}]}}