{"id":2989,"date":"2024-07-31T23:13:51","date_gmt":"2024-07-31T23:13:51","guid":{"rendered":"https:\/\/muzeumfabrykinorblina.pl\/?p=2989"},"modified":"2024-12-02T09:59:44","modified_gmt":"2024-12-02T09:59:44","slug":"w-dawnej-fabryce-szkola-podstawowa-klasy-7-8","status":"publish","type":"post","link":"https:\/\/muzeumfabrykinorblina.pl\/?p=2989","title":{"rendered":"W dawnej fabryce"},"content":{"rendered":"\n<p class=\"wp-block-paragraph\">Zwiedzaj\u0105c nasze muzeum zastanowimy si\u0119, jakie przedmioty, pomieszczenia i budynki staj\u0105 si\u0119 zabytkami i dlaczego warto chroni\u0107 miejsca takie jak by\u0142a fabryka. Dowiemy si\u0119, co dawnej produkowano w Fabryce Norblina i kim byli Norblinowie i Wernerowie \u2013 jej dawni w\u0142a\u015bciciele. Podczas warsztat\u00f3w, opartych o metod\u0119 teatrzyku kamishibai, b\u0119dziemy rozwi\u0105zywa\u0107 gry i zabawy dotycz\u0105ce historii fabryki, a na zako\u0144czenie stworzymy w\u0142asn\u0105 prac\u0119 plastyczn\u0105 inspirowan\u0105 \u201enorblinowsk\u0105\u201d galanteri\u0105 sto\u0142ow\u0105.<\/p>\n\n\n\n<p class=\"wp-block-paragraph\">Muzeum Fabryki Norblina nale\u017cy do programu MEiN \u201ePoznaj Polsk\u0119\u201d w tematyce: \u201eNajwi\u0119ksze osi\u0105gni\u0119cia polskiej nauki\u201d.<\/p>\n\n\n<!-- wp:themify-builder\/canvas \/-->","protected":false},"excerpt":{"rendered":"<p>Zapraszamy m\u0142odzie\u017c szkoln\u0105 do poznania niesamowitej historii Fabryki Norblina przy ulicy \u017belaznej.<\/p>\n<p>Czym s\u0105 s\u0142ynne na ca\u0142y \u015bwiat polskie wyroby platernicze? Jak wygl\u0105da\u0142y warunki pracy w dawnej fabryce? O co walczyli robotnicy na prze\u0142omie XIX i XX wieku? Jak zmienia\u0142 si\u0119 krajobraz Warszawy w ci\u0105gu ostatnich 200 lat?<\/p>\n<p>Na te pytania b\u0119d\u0105 odpowiada\u0107 uczniowie podczas lekcji muzealnej organizowanej przez nasze Muzeum.<\/p>\n","protected":false},"author":1,"featured_media":2441,"comment_status":"closed","ping_status":"closed","sticky":false,"template":"","format":"standard","meta":{"_acf_changed":false,"_monsterinsights_skip_tracking":false,"footnotes":""},"categories":[35,15,17],"tags":[],"class_list":["post-2989","post","type-post","status-publish","format-standard","has-post-thumbnail","hentry","category-klasy-7-8","category-lekcje-edukacyjne","category-szkola-podstawowa","has-post-title","has-post-date","has-post-category","has-post-tag","has-post-comment","has-post-author",""],"acf":[],"yoast_head":"<!-- This site is optimized with the Yoast SEO plugin v28.2 - https:\/\/yoast.com\/product\/yoast-seo-wordpress\/ -->\n<title>W dawnej fabryce | Muzeum Fabryki Norblina<\/title>\n<meta name=\"robots\" content=\"index, follow, max-snippet:-1, max-image-preview:large, max-video-preview:-1\" \/>\n<link rel=\"canonical\" href=\"https:\/\/muzeumfabrykinorblina.pl\/?p=2989\" \/>\n<meta property=\"og:locale\" content=\"pl_PL\" \/>\n<meta property=\"og:type\" content=\"article\" \/>\n<meta property=\"og:title\" content=\"W dawnej fabryce | Muzeum Fabryki Norblina\" \/>\n<meta property=\"og:description\" content=\"Zapraszamy m\u0142odzie\u017c szkoln\u0105 do poznania niesamowitej historii Fabryki Norblina przy ulicy \u017belaznej. Czym s\u0105 s\u0142ynne na ca\u0142y \u015bwiat polskie wyroby platernicze? Jak wygl\u0105da\u0142y warunki pracy w dawnej fabryce? O co walczyli robotnicy na prze\u0142omie XIX i XX wieku? Jak zmienia\u0142 si\u0119 krajobraz Warszawy w ci\u0105gu ostatnich 200 lat? Na te pytania b\u0119d\u0105 odpowiada\u0107 uczniowie podczas lekcji muzealnej organizowanej przez nasze Muzeum.\" \/>\n<meta property=\"og:url\" content=\"https:\/\/muzeumfabrykinorblina.pl\/?p=2989\" \/>\n<meta property=\"og:site_name\" content=\"Muzeum Fabryki Norblina\" \/>\n<meta property=\"article:publisher\" content=\"https:\/\/www.facebook.com\/MuzeumFabrykiNorblina\" \/>\n<meta property=\"article:published_time\" content=\"2024-07-31T23:13:51+00:00\" \/>\n<meta property=\"article:modified_time\" content=\"2024-12-02T09:59:44+00:00\" \/>\n<meta property=\"og:image\" content=\"http:\/\/muzeumfabrykinorblina.pl\/wp-content\/uploads\/2023\/10\/MFN_Edukacja_Hero-mobile_06.jpg\" \/>\n\t<meta property=\"og:image:width\" content=\"1080\" \/>\n\t<meta property=\"og:image:height\" content=\"1080\" \/>\n\t<meta property=\"og:image:type\" content=\"image\/jpeg\" \/>\n<meta name=\"author\" content=\"Pawe\u0142 Durka\" \/>\n<meta name=\"twitter:card\" content=\"summary_large_image\" \/>\n<meta name=\"twitter:label1\" content=\"Napisane przez\" \/>\n\t<meta name=\"twitter:data1\" content=\"Pawe\u0142 Durka\" \/>\n\t<meta name=\"twitter:label2\" content=\"Szacowany czas czytania\" \/>\n\t<meta name=\"twitter:data2\" content=\"1 minuta\" \/>\n<script type=\"application\/ld+json\" class=\"yoast-schema-graph\">{\"@context\":\"https:\\\/\\\/schema.org\",\"@graph\":[{\"@type\":\"Article\",\"@id\":\"https:\\\/\\\/muzeumfabrykinorblina.pl\\\/?p=2989#article\",\"isPartOf\":{\"@id\":\"https:\\\/\\\/muzeumfabrykinorblina.pl\\\/?p=2989\"},\"author\":{\"name\":\"Pawe\u0142 Durka\",\"@id\":\"https:\\\/\\\/muzeumfabrykinorblina.pl\\\/#\\\/schema\\\/person\\\/0938cd3099cfa22b49acc1cd4cfe55f4\"},\"headline\":\"W dawnej fabryce\",\"datePublished\":\"2024-07-31T23:13:51+00:00\",\"dateModified\":\"2024-12-02T09:59:44+00:00\",\"mainEntityOfPage\":{\"@id\":\"https:\\\/\\\/muzeumfabrykinorblina.pl\\\/?p=2989\"},\"wordCount\":98,\"publisher\":{\"@id\":\"https:\\\/\\\/muzeumfabrykinorblina.pl\\\/#organization\"},\"image\":{\"@id\":\"https:\\\/\\\/muzeumfabrykinorblina.pl\\\/?p=2989#primaryimage\"},\"thumbnailUrl\":\"https:\\\/\\\/muzeumfabrykinorblina.pl\\\/wp-content\\\/uploads\\\/2023\\\/10\\\/MFN_Edukacja_Hero-mobile_06.jpg\",\"articleSection\":[\"Klasy 7 - 8\",\"Lekcje edukacyjne\",\"Szko\u0142a podstawowa\"],\"inLanguage\":\"pl-PL\"},{\"@type\":\"WebPage\",\"@id\":\"https:\\\/\\\/muzeumfabrykinorblina.pl\\\/?p=2989\",\"url\":\"https:\\\/\\\/muzeumfabrykinorblina.pl\\\/?p=2989\",\"name\":\"W dawnej fabryce | Muzeum Fabryki Norblina\",\"isPartOf\":{\"@id\":\"https:\\\/\\\/muzeumfabrykinorblina.pl\\\/#website\"},\"primaryImageOfPage\":{\"@id\":\"https:\\\/\\\/muzeumfabrykinorblina.pl\\\/?p=2989#primaryimage\"},\"image\":{\"@id\":\"https:\\\/\\\/muzeumfabrykinorblina.pl\\\/?p=2989#primaryimage\"},\"thumbnailUrl\":\"https:\\\/\\\/muzeumfabrykinorblina.pl\\\/wp-content\\\/uploads\\\/2023\\\/10\\\/MFN_Edukacja_Hero-mobile_06.jpg\",\"datePublished\":\"2024-07-31T23:13:51+00:00\",\"dateModified\":\"2024-12-02T09:59:44+00:00\",\"breadcrumb\":{\"@id\":\"https:\\\/\\\/muzeumfabrykinorblina.pl\\\/?p=2989#breadcrumb\"},\"inLanguage\":\"pl-PL\",\"potentialAction\":[{\"@type\":\"ReadAction\",\"target\":[\"https:\\\/\\\/muzeumfabrykinorblina.pl\\\/?p=2989\"]}]},{\"@type\":\"ImageObject\",\"inLanguage\":\"pl-PL\",\"@id\":\"https:\\\/\\\/muzeumfabrykinorblina.pl\\\/?p=2989#primaryimage\",\"url\":\"https:\\\/\\\/muzeumfabrykinorblina.pl\\\/wp-content\\\/uploads\\\/2023\\\/10\\\/MFN_Edukacja_Hero-mobile_06.jpg\",\"contentUrl\":\"https:\\\/\\\/muzeumfabrykinorblina.pl\\\/wp-content\\\/uploads\\\/2023\\\/10\\\/MFN_Edukacja_Hero-mobile_06.jpg\",\"width\":1080,\"height\":1080},{\"@type\":\"BreadcrumbList\",\"@id\":\"https:\\\/\\\/muzeumfabrykinorblina.pl\\\/?p=2989#breadcrumb\",\"itemListElement\":[{\"@type\":\"ListItem\",\"position\":1,\"name\":\"Strona g\u0142\u00f3wna\",\"item\":\"https:\\\/\\\/muzeumfabrykinorblina.pl\\\/\"},{\"@type\":\"ListItem\",\"position\":2,\"name\":\"W dawnej fabryce\"}]},{\"@type\":\"WebSite\",\"@id\":\"https:\\\/\\\/muzeumfabrykinorblina.pl\\\/#website\",\"url\":\"https:\\\/\\\/muzeumfabrykinorblina.pl\\\/\",\"name\":\"Muzeum Fabryki Norblina\",\"description\":\"Fabryka Norblina\",\"publisher\":{\"@id\":\"https:\\\/\\\/muzeumfabrykinorblina.pl\\\/#organization\"},\"potentialAction\":[{\"@type\":\"SearchAction\",\"target\":{\"@type\":\"EntryPoint\",\"urlTemplate\":\"https:\\\/\\\/muzeumfabrykinorblina.pl\\\/?s={search_term_string}\"},\"query-input\":{\"@type\":\"PropertyValueSpecification\",\"valueRequired\":true,\"valueName\":\"search_term_string\"}}],\"inLanguage\":\"pl-PL\"},{\"@type\":\"Organization\",\"@id\":\"https:\\\/\\\/muzeumfabrykinorblina.pl\\\/#organization\",\"name\":\"Muzeum Fabryki Norblina\",\"url\":\"https:\\\/\\\/muzeumfabrykinorblina.pl\\\/\",\"logo\":{\"@type\":\"ImageObject\",\"inLanguage\":\"pl-PL\",\"@id\":\"https:\\\/\\\/muzeumfabrykinorblina.pl\\\/#\\\/schema\\\/logo\\\/image\\\/\",\"url\":\"https:\\\/\\\/muzeumfabrykinorblina.pl\\\/wp-content\\\/uploads\\\/2023\\\/11\\\/MFN_Featured-image_1200x675.jpg\",\"contentUrl\":\"https:\\\/\\\/muzeumfabrykinorblina.pl\\\/wp-content\\\/uploads\\\/2023\\\/11\\\/MFN_Featured-image_1200x675.jpg\",\"width\":1200,\"height\":675,\"caption\":\"Muzeum Fabryki Norblina\"},\"image\":{\"@id\":\"https:\\\/\\\/muzeumfabrykinorblina.pl\\\/#\\\/schema\\\/logo\\\/image\\\/\"},\"sameAs\":[\"https:\\\/\\\/www.facebook.com\\\/MuzeumFabrykiNorblina\",\"https:\\\/\\\/www.instagram.com\\\/muzeumfabrykinorblina\\\/\"]},{\"@type\":\"Person\",\"@id\":\"https:\\\/\\\/muzeumfabrykinorblina.pl\\\/#\\\/schema\\\/person\\\/0938cd3099cfa22b49acc1cd4cfe55f4\",\"name\":\"Pawe\u0142 Durka\",\"image\":{\"@type\":\"ImageObject\",\"inLanguage\":\"pl-PL\",\"@id\":\"https:\\\/\\\/secure.gravatar.com\\\/avatar\\\/17861b77f0b68711665fe1e8e67ddc567ab523acd30a7535eec485fb2e8c92ff?s=96&d=mm&r=g\",\"url\":\"https:\\\/\\\/secure.gravatar.com\\\/avatar\\\/17861b77f0b68711665fe1e8e67ddc567ab523acd30a7535eec485fb2e8c92ff?s=96&d=mm&r=g\",\"contentUrl\":\"https:\\\/\\\/secure.gravatar.com\\\/avatar\\\/17861b77f0b68711665fe1e8e67ddc567ab523acd30a7535eec485fb2e8c92ff?s=96&d=mm&r=g\",\"caption\":\"Pawe\u0142 Durka\"},\"sameAs\":[\"https:\\\/\\\/muzeumfabrykinorblina.pl\"],\"url\":\"https:\\\/\\\/muzeumfabrykinorblina.pl\\\/?author=1\"}]}<\/script>\n<!-- \/ Yoast SEO plugin. -->","yoast_head_json":{"title":"W dawnej fabryce | Muzeum Fabryki Norblina","robots":{"index":"index","follow":"follow","max-snippet":"max-snippet:-1","max-image-preview":"max-image-preview:large","max-video-preview":"max-video-preview:-1"},"canonical":"https:\/\/muzeumfabrykinorblina.pl\/?p=2989","og_locale":"pl_PL","og_type":"article","og_title":"W dawnej fabryce | Muzeum Fabryki Norblina","og_description":"Zapraszamy m\u0142odzie\u017c szkoln\u0105 do poznania niesamowitej historii Fabryki Norblina przy ulicy \u017belaznej. Czym s\u0105 s\u0142ynne na ca\u0142y \u015bwiat polskie wyroby platernicze? Jak wygl\u0105da\u0142y warunki pracy w dawnej fabryce? O co walczyli robotnicy na prze\u0142omie XIX i XX wieku? Jak zmienia\u0142 si\u0119 krajobraz Warszawy w ci\u0105gu ostatnich 200 lat? Na te pytania b\u0119d\u0105 odpowiada\u0107 uczniowie podczas lekcji muzealnej organizowanej przez nasze Muzeum.","og_url":"https:\/\/muzeumfabrykinorblina.pl\/?p=2989","og_site_name":"Muzeum Fabryki Norblina","article_publisher":"https:\/\/www.facebook.com\/MuzeumFabrykiNorblina","article_published_time":"2024-07-31T23:13:51+00:00","article_modified_time":"2024-12-02T09:59:44+00:00","og_image":[{"width":1080,"height":1080,"url":"http:\/\/muzeumfabrykinorblina.pl\/wp-content\/uploads\/2023\/10\/MFN_Edukacja_Hero-mobile_06.jpg","type":"image\/jpeg"}],"author":"Pawe\u0142 Durka","twitter_card":"summary_large_image","twitter_misc":{"Napisane przez":"Pawe\u0142 Durka","Szacowany czas czytania":"1 minuta"},"schema":{"@context":"https:\/\/schema.org","@graph":[{"@type":"Article","@id":"https:\/\/muzeumfabrykinorblina.pl\/?p=2989#article","isPartOf":{"@id":"https:\/\/muzeumfabrykinorblina.pl\/?p=2989"},"author":{"name":"Pawe\u0142 Durka","@id":"https:\/\/muzeumfabrykinorblina.pl\/#\/schema\/person\/0938cd3099cfa22b49acc1cd4cfe55f4"},"headline":"W dawnej fabryce","datePublished":"2024-07-31T23:13:51+00:00","dateModified":"2024-12-02T09:59:44+00:00","mainEntityOfPage":{"@id":"https:\/\/muzeumfabrykinorblina.pl\/?p=2989"},"wordCount":98,"publisher":{"@id":"https:\/\/muzeumfabrykinorblina.pl\/#organization"},"image":{"@id":"https:\/\/muzeumfabrykinorblina.pl\/?p=2989#primaryimage"},"thumbnailUrl":"https:\/\/muzeumfabrykinorblina.pl\/wp-content\/uploads\/2023\/10\/MFN_Edukacja_Hero-mobile_06.jpg","articleSection":["Klasy 7 - 8","Lekcje edukacyjne","Szko\u0142a podstawowa"],"inLanguage":"pl-PL"},{"@type":"WebPage","@id":"https:\/\/muzeumfabrykinorblina.pl\/?p=2989","url":"https:\/\/muzeumfabrykinorblina.pl\/?p=2989","name":"W dawnej fabryce | Muzeum Fabryki Norblina","isPartOf":{"@id":"https:\/\/muzeumfabrykinorblina.pl\/#website"},"primaryImageOfPage":{"@id":"https:\/\/muzeumfabrykinorblina.pl\/?p=2989#primaryimage"},"image":{"@id":"https:\/\/muzeumfabrykinorblina.pl\/?p=2989#primaryimage"},"thumbnailUrl":"https:\/\/muzeumfabrykinorblina.pl\/wp-content\/uploads\/2023\/10\/MFN_Edukacja_Hero-mobile_06.jpg","datePublished":"2024-07-31T23:13:51+00:00","dateModified":"2024-12-02T09:59:44+00:00","breadcrumb":{"@id":"https:\/\/muzeumfabrykinorblina.pl\/?p=2989#breadcrumb"},"inLanguage":"pl-PL","potentialAction":[{"@type":"ReadAction","target":["https:\/\/muzeumfabrykinorblina.pl\/?p=2989"]}]},{"@type":"ImageObject","inLanguage":"pl-PL","@id":"https:\/\/muzeumfabrykinorblina.pl\/?p=2989#primaryimage","url":"https:\/\/muzeumfabrykinorblina.pl\/wp-content\/uploads\/2023\/10\/MFN_Edukacja_Hero-mobile_06.jpg","contentUrl":"https:\/\/muzeumfabrykinorblina.pl\/wp-content\/uploads\/2023\/10\/MFN_Edukacja_Hero-mobile_06.jpg","width":1080,"height":1080},{"@type":"BreadcrumbList","@id":"https:\/\/muzeumfabrykinorblina.pl\/?p=2989#breadcrumb","itemListElement":[{"@type":"ListItem","position":1,"name":"Strona g\u0142\u00f3wna","item":"https:\/\/muzeumfabrykinorblina.pl\/"},{"@type":"ListItem","position":2,"name":"W dawnej fabryce"}]},{"@type":"WebSite","@id":"https:\/\/muzeumfabrykinorblina.pl\/#website","url":"https:\/\/muzeumfabrykinorblina.pl\/","name":"Muzeum Fabryki Norblina","description":"Fabryka Norblina","publisher":{"@id":"https:\/\/muzeumfabrykinorblina.pl\/#organization"},"potentialAction":[{"@type":"SearchAction","target":{"@type":"EntryPoint","urlTemplate":"https:\/\/muzeumfabrykinorblina.pl\/?s={search_term_string}"},"query-input":{"@type":"PropertyValueSpecification","valueRequired":true,"valueName":"search_term_string"}}],"inLanguage":"pl-PL"},{"@type":"Organization","@id":"https:\/\/muzeumfabrykinorblina.pl\/#organization","name":"Muzeum Fabryki Norblina","url":"https:\/\/muzeumfabrykinorblina.pl\/","logo":{"@type":"ImageObject","inLanguage":"pl-PL","@id":"https:\/\/muzeumfabrykinorblina.pl\/#\/schema\/logo\/image\/","url":"https:\/\/muzeumfabrykinorblina.pl\/wp-content\/uploads\/2023\/11\/MFN_Featured-image_1200x675.jpg","contentUrl":"https:\/\/muzeumfabrykinorblina.pl\/wp-content\/uploads\/2023\/11\/MFN_Featured-image_1200x675.jpg","width":1200,"height":675,"caption":"Muzeum Fabryki Norblina"},"image":{"@id":"https:\/\/muzeumfabrykinorblina.pl\/#\/schema\/logo\/image\/"},"sameAs":["https:\/\/www.facebook.com\/MuzeumFabrykiNorblina","https:\/\/www.instagram.com\/muzeumfabrykinorblina\/"]},{"@type":"Person","@id":"https:\/\/muzeumfabrykinorblina.pl\/#\/schema\/person\/0938cd3099cfa22b49acc1cd4cfe55f4","name":"Pawe\u0142 Durka","image":{"@type":"ImageObject","inLanguage":"pl-PL","@id":"https:\/\/secure.gravatar.com\/avatar\/17861b77f0b68711665fe1e8e67ddc567ab523acd30a7535eec485fb2e8c92ff?s=96&d=mm&r=g","url":"https:\/\/secure.gravatar.com\/avatar\/17861b77f0b68711665fe1e8e67ddc567ab523acd30a7535eec485fb2e8c92ff?s=96&d=mm&r=g","contentUrl":"https:\/\/secure.gravatar.com\/avatar\/17861b77f0b68711665fe1e8e67ddc567ab523acd30a7535eec485fb2e8c92ff?s=96&d=mm&r=g","caption":"Pawe\u0142 Durka"},"sameAs":["https:\/\/muzeumfabrykinorblina.pl"],"url":"https:\/\/muzeumfabrykinorblina.pl\/?author=1"}]}},"lang":"pl","translations":{"pl":2989},"builder_content":"","pll_sync_post":{},"_links":{"self":[{"href":"https:\/\/muzeumfabrykinorblina.pl\/index.php?rest_route=\/wp\/v2\/posts\/2989","targetHints":{"allow":["GET"]}}],"collection":[{"href":"https:\/\/muzeumfabrykinorblina.pl\/index.php?rest_route=\/wp\/v2\/posts"}],"about":[{"href":"https:\/\/muzeumfabrykinorblina.pl\/index.php?rest_route=\/wp\/v2\/types\/post"}],"author":[{"embeddable":true,"href":"https:\/\/muzeumfabrykinorblina.pl\/index.php?rest_route=\/wp\/v2\/users\/1"}],"replies":[{"embeddable":true,"href":"https:\/\/muzeumfabrykinorblina.pl\/index.php?rest_route=%2Fwp%2Fv2%2Fcomments&post=2989"}],"version-history":[{"count":0,"href":"https:\/\/muzeumfabrykinorblina.pl\/index.php?rest_route=\/wp\/v2\/posts\/2989\/revisions"}],"wp:featuredmedia":[{"embeddable":true,"href":"https:\/\/muzeumfabrykinorblina.pl\/index.php?rest_route=\/wp\/v2\/media\/2441"}],"wp:attachment":[{"href":"https:\/\/muzeumfabrykinorblina.pl\/index.php?rest_route=%2Fwp%2Fv2%2Fmedia&parent=2989"}],"wp:term":[{"taxonomy":"category","embeddable":true,"href":"https:\/\/muzeumfabrykinorblina.pl\/index.php?rest_route=%2Fwp%2Fv2%2Fcategories&post=2989"},{"taxonomy":"post_tag","embeddable":true,"href":"https:\/\/muzeumfabrykinorblina.pl\/index.php?rest_route=%2Fwp%2Fv2%2Ftags&post=2989"}],"curies":[{"name":"wp","href":"https:\/\/api.w.org\/{rel}","templated":true}]}}