{"id":2947,"date":"2024-07-31T11:47:19","date_gmt":"2024-07-31T11:47:19","guid":{"rendered":"https:\/\/muzeumfabrykinorblina.pl\/?p=2947"},"modified":"2025-05-19T12:53:07","modified_gmt":"2025-05-19T12:53:07","slug":"zetrzyj-z-wlosow-pyl-bitewny-zapraszamy-na-wyjatkowa-wystawe","status":"publish","type":"post","link":"https:\/\/muzeumfabrykinorblina.pl\/?p=2947","title":{"rendered":"\u201eZetrzyj z w\u0142os\u00f3w py\u0142 bitewny\u201d \u2013 zapraszamy na wyj\u0105tkow\u0105 wystaw\u0119"},"content":{"rendered":"\n<p class=\"wp-block-paragraph\"><strong>\u201eZetrzyj z w\u0142os\u00f3w py\u0142 bitewny\u201d<\/strong>&nbsp;to zorganizowana przez Archiwum Akt Nowych, Fundacj\u0119 Archeologia Fotografii i Muzeum Fabryki Norblina wystawa fotografii&nbsp;Ryszarda Bia\u0142ousa i Tadeusza Sumi\u0144skiego \u2013&nbsp;dw\u00f3ch powsta\u0144c\u00f3w, kt\u00f3rzy \u2013 mimo tragicznych prze\u017cy\u0107 \u2013 potrafili dostrzec otaczaj\u0105ce nas pi\u0119kno i zatrzyma\u0107 je w kadrze. Na wystawie prezentowane b\u0119d\u0105 fotografie krajobraz\u00f3w przyrody Polski i Argentyny (Patagonia) \u2013 miejsc, z kt\u00f3rymi zwi\u0105zali swoje powojenne \u017cycie autorzy zdj\u0119\u0107. Ryszard Bia\u0142ous, dow\u00f3dca batalionu \u201eZo\u015bka\u201d oraz Tadeusz Sumi\u0144ski, \u017co\u0142nierz tego oddzia\u0142u, przeszli powsta\u0144czy szlak bojowy z Woli przez Stare Miasto, \u015ar\u00f3dmie\u015bcie a\u017c po Czerniak\u00f3w. Swoje dalsze \u017cycie zwi\u0105zali z r\u00f3\u017cnymi zak\u0105tkami \u015bwiata. Ryszard Bia\u0142ous wybra\u0142, nie bez przymusu, \u017cycie na emigracji i zamieszka\u0142 w Argentynie. Tadeusz Sumi\u0144ski pozosta\u0142 w Polsce, a gdy przesz\u0142o\u015b\u0107 akowska zmusi\u0142a go do zmiany plan\u00f3w zawodowych \u2013 zosta\u0142 zawodowym fotografikiem. Ich zdj\u0119cia podziwia\u0107 mo\u017cna w przestrzeni wystawienniczej w budynku Plater na poziomie +1 od 3 sierpnia do 2 pa\u017adziernika. Kuratorkami wystawy s\u0105 Magdalena Hartwig i dr Agnieszka Pietrzak. Za projekt graficzny odpowiada Beata \u015awierczy\u0144ska.<\/p>\n\n\n\n<p class=\"wp-block-paragraph\">Na weekend, 3 i 4 sierpnia, kino&nbsp;KinoGram&nbsp;i Muzeum Fabryki Norblina przygotowa\u0142y ofert\u0119 specjaln\u0105.&nbsp;&nbsp;W&nbsp;KinoGramie&nbsp;odb\u0119d\u0105 si\u0119&nbsp;<strong>pokazy film\u00f3w powsta\u0144czych \u2013 \u201eKana\u0142\u201d Andrzeja Wajdy<\/strong>&nbsp;(sobota, godz. 17:15)&nbsp;<strong>i \u201eMiasto 44\u201d Jana&nbsp;<\/strong><strong>Komasy<\/strong>&nbsp;(niedziela, godz. 16:00). Przed seansami b\u0119dzie mo\u017cna r\u00f3wnie\u017c zwiedzi\u0107 kompleks przy \u017belaznej 51\/53 \u2013 na dodatkowe oprowadzanie \u015bcie\u017ck\u0105 \u201eFabryka Norblina w Pigu\u0142ce\u201d zaprosi przewodnik Muzeum. W sobot\u0119 wycieczka wystartuje o 16:00, dzie\u0144 p\u00f3\u017aniej \u2013 o 14.30. Na tych, kt\u00f3rzy zdecyduj\u0105 si\u0119 na obie aktywno\u015bci, czeka\u0107 b\u0119d\u0105 promocyjne ceny: bilety na seans filmowy \u2013 35z\u0142, bilety na muzealne zwiedzanie \u2013 normalny 40 z\u0142, ulgowy 20 z\u0142. Zni\u017cka w&nbsp;Kinogramie&nbsp;obowi\u0105zuje po okazaniu biletu z Muzeum.<\/p>\n\n\n\n<p class=\"wp-block-paragraph\">Ju\u017c wkr\u00f3tce podamy program wydarze\u0144 towarzysz\u0105cych.&nbsp;<\/p>\n\n\n\n<p class=\"wp-block-paragraph\">Zapraszamy!<\/p>\n\n\n<!-- wp:themify-builder\/canvas \/-->","protected":false},"excerpt":{"rendered":"<p>\u201eZetrzyj z w\u0142os\u00f3w py\u0142 bitewny\u201d&nbsp;to zorganizowana przez Archiwum Akt Nowych, Fundacj\u0119 Archeologia Fotografii i Muzeum Fabryki Norblina wystawa fotografii&nbsp;Ryszarda Bia\u0142ousa i Tadeusza Sumi\u0144skiego \u2013&nbsp;dw\u00f3ch powsta\u0144c\u00f3w, kt\u00f3rzy \u2013 mimo tragicznych prze\u017cy\u0107 \u2013 potrafili dostrzec otaczaj\u0105ce nas pi\u0119kno i zatrzyma\u0107 je w kadrze. Na wystawie prezentowane b\u0119d\u0105 fotografie krajobraz\u00f3w przyrody Polski i Argentyny (Patagonia) \u2013 miejsc, z [&hellip;]<\/p>\n","protected":false},"author":9,"featured_media":2948,"comment_status":"closed","ping_status":"closed","sticky":false,"template":"","format":"standard","meta":{"_acf_changed":false,"_monsterinsights_skip_tracking":false,"footnotes":""},"categories":[29],"tags":[],"class_list":["post-2947","post","type-post","status-publish","format-standard","has-post-thumbnail","hentry","category-aktualnosci","has-post-title","has-post-date","has-post-category","has-post-tag","has-post-comment","has-post-author",""],"acf":[],"yoast_head":"<!-- This site is optimized with the Yoast SEO plugin v28.2 - https:\/\/yoast.com\/product\/yoast-seo-wordpress\/ -->\n<title>\u201eZetrzyj z w\u0142os\u00f3w py\u0142 bitewny\u201d \u2013 zapraszamy na wyj\u0105tkow\u0105 wystaw\u0119 | Muzeum Fabryki Norblina<\/title>\n<meta name=\"robots\" content=\"index, follow, max-snippet:-1, max-image-preview:large, max-video-preview:-1\" \/>\n<link rel=\"canonical\" href=\"https:\/\/muzeumfabrykinorblina.pl\/?p=2947\" \/>\n<meta property=\"og:locale\" content=\"pl_PL\" \/>\n<meta property=\"og:type\" content=\"article\" \/>\n<meta property=\"og:title\" content=\"\u201eZetrzyj z w\u0142os\u00f3w py\u0142 bitewny\u201d \u2013 zapraszamy na wyj\u0105tkow\u0105 wystaw\u0119 | Muzeum Fabryki Norblina\" \/>\n<meta property=\"og:description\" content=\"\u201eZetrzyj z w\u0142os\u00f3w py\u0142 bitewny\u201d&nbsp;to zorganizowana przez Archiwum Akt Nowych, Fundacj\u0119 Archeologia Fotografii i Muzeum Fabryki Norblina wystawa fotografii&nbsp;Ryszarda Bia\u0142ousa i Tadeusza Sumi\u0144skiego \u2013&nbsp;dw\u00f3ch powsta\u0144c\u00f3w, kt\u00f3rzy \u2013 mimo tragicznych prze\u017cy\u0107 \u2013 potrafili dostrzec otaczaj\u0105ce nas pi\u0119kno i zatrzyma\u0107 je w kadrze. Na wystawie prezentowane b\u0119d\u0105 fotografie krajobraz\u00f3w przyrody Polski i Argentyny (Patagonia) \u2013 miejsc, z [&hellip;]\" \/>\n<meta property=\"og:url\" content=\"https:\/\/muzeumfabrykinorblina.pl\/?p=2947\" \/>\n<meta property=\"og:site_name\" content=\"Muzeum Fabryki Norblina\" \/>\n<meta property=\"article:publisher\" content=\"https:\/\/www.facebook.com\/MuzeumFabrykiNorblina\" \/>\n<meta property=\"article:published_time\" content=\"2024-07-31T11:47:19+00:00\" \/>\n<meta property=\"article:modified_time\" content=\"2025-05-19T12:53:07+00:00\" \/>\n<meta property=\"og:image\" content=\"https:\/\/muzeumfabrykinorblina.pl\/wp-content\/uploads\/2024\/07\/Wystawa_MFN_.jpg\" \/>\n\t<meta property=\"og:image:width\" content=\"1080\" \/>\n\t<meta property=\"og:image:height\" content=\"1080\" \/>\n\t<meta property=\"og:image:type\" content=\"image\/jpeg\" \/>\n<meta name=\"author\" content=\"Agata Ilnicka\" \/>\n<meta name=\"twitter:card\" content=\"summary_large_image\" \/>\n<meta name=\"twitter:label1\" content=\"Napisane przez\" \/>\n\t<meta name=\"twitter:data1\" content=\"Agata Ilnicka\" \/>\n\t<meta name=\"twitter:label2\" content=\"Szacowany czas czytania\" \/>\n\t<meta name=\"twitter:data2\" content=\"2 minuty\" \/>\n<script type=\"application\/ld+json\" class=\"yoast-schema-graph\">{\"@context\":\"https:\\\/\\\/schema.org\",\"@graph\":[{\"@type\":\"Article\",\"@id\":\"https:\\\/\\\/muzeumfabrykinorblina.pl\\\/?p=2947#article\",\"isPartOf\":{\"@id\":\"https:\\\/\\\/muzeumfabrykinorblina.pl\\\/?p=2947\"},\"author\":{\"name\":\"Agata Ilnicka\",\"@id\":\"https:\\\/\\\/muzeumfabrykinorblina.pl\\\/#\\\/schema\\\/person\\\/4f1632ef79031887e0e24c4ea9d3472e\"},\"headline\":\"\u201eZetrzyj z w\u0142os\u00f3w py\u0142 bitewny\u201d \u2013 zapraszamy na wyj\u0105tkow\u0105 wystaw\u0119\",\"datePublished\":\"2024-07-31T11:47:19+00:00\",\"dateModified\":\"2025-05-19T12:53:07+00:00\",\"mainEntityOfPage\":{\"@id\":\"https:\\\/\\\/muzeumfabrykinorblina.pl\\\/?p=2947\"},\"wordCount\":338,\"publisher\":{\"@id\":\"https:\\\/\\\/muzeumfabrykinorblina.pl\\\/#organization\"},\"image\":{\"@id\":\"https:\\\/\\\/muzeumfabrykinorblina.pl\\\/?p=2947#primaryimage\"},\"thumbnailUrl\":\"https:\\\/\\\/muzeumfabrykinorblina.pl\\\/wp-content\\\/uploads\\\/2024\\\/07\\\/Wystawa_MFN_.jpg\",\"articleSection\":[\"Aktualno\u015bci\"],\"inLanguage\":\"pl-PL\"},{\"@type\":\"WebPage\",\"@id\":\"https:\\\/\\\/muzeumfabrykinorblina.pl\\\/?p=2947\",\"url\":\"https:\\\/\\\/muzeumfabrykinorblina.pl\\\/?p=2947\",\"name\":\"\u201eZetrzyj z w\u0142os\u00f3w py\u0142 bitewny\u201d \u2013 zapraszamy na wyj\u0105tkow\u0105 wystaw\u0119 | Muzeum Fabryki Norblina\",\"isPartOf\":{\"@id\":\"https:\\\/\\\/muzeumfabrykinorblina.pl\\\/#website\"},\"primaryImageOfPage\":{\"@id\":\"https:\\\/\\\/muzeumfabrykinorblina.pl\\\/?p=2947#primaryimage\"},\"image\":{\"@id\":\"https:\\\/\\\/muzeumfabrykinorblina.pl\\\/?p=2947#primaryimage\"},\"thumbnailUrl\":\"https:\\\/\\\/muzeumfabrykinorblina.pl\\\/wp-content\\\/uploads\\\/2024\\\/07\\\/Wystawa_MFN_.jpg\",\"datePublished\":\"2024-07-31T11:47:19+00:00\",\"dateModified\":\"2025-05-19T12:53:07+00:00\",\"breadcrumb\":{\"@id\":\"https:\\\/\\\/muzeumfabrykinorblina.pl\\\/?p=2947#breadcrumb\"},\"inLanguage\":\"pl-PL\",\"potentialAction\":[{\"@type\":\"ReadAction\",\"target\":[\"https:\\\/\\\/muzeumfabrykinorblina.pl\\\/?p=2947\"]}]},{\"@type\":\"ImageObject\",\"inLanguage\":\"pl-PL\",\"@id\":\"https:\\\/\\\/muzeumfabrykinorblina.pl\\\/?p=2947#primaryimage\",\"url\":\"https:\\\/\\\/muzeumfabrykinorblina.pl\\\/wp-content\\\/uploads\\\/2024\\\/07\\\/Wystawa_MFN_.jpg\",\"contentUrl\":\"https:\\\/\\\/muzeumfabrykinorblina.pl\\\/wp-content\\\/uploads\\\/2024\\\/07\\\/Wystawa_MFN_.jpg\",\"width\":1080,\"height\":1080},{\"@type\":\"BreadcrumbList\",\"@id\":\"https:\\\/\\\/muzeumfabrykinorblina.pl\\\/?p=2947#breadcrumb\",\"itemListElement\":[{\"@type\":\"ListItem\",\"position\":1,\"name\":\"Strona g\u0142\u00f3wna\",\"item\":\"https:\\\/\\\/muzeumfabrykinorblina.pl\\\/\"},{\"@type\":\"ListItem\",\"position\":2,\"name\":\"\u201eZetrzyj z w\u0142os\u00f3w py\u0142 bitewny\u201d \u2013 zapraszamy na wyj\u0105tkow\u0105 wystaw\u0119\"}]},{\"@type\":\"WebSite\",\"@id\":\"https:\\\/\\\/muzeumfabrykinorblina.pl\\\/#website\",\"url\":\"https:\\\/\\\/muzeumfabrykinorblina.pl\\\/\",\"name\":\"Muzeum Fabryki Norblina\",\"description\":\"Fabryka Norblina\",\"publisher\":{\"@id\":\"https:\\\/\\\/muzeumfabrykinorblina.pl\\\/#organization\"},\"potentialAction\":[{\"@type\":\"SearchAction\",\"target\":{\"@type\":\"EntryPoint\",\"urlTemplate\":\"https:\\\/\\\/muzeumfabrykinorblina.pl\\\/?s={search_term_string}\"},\"query-input\":{\"@type\":\"PropertyValueSpecification\",\"valueRequired\":true,\"valueName\":\"search_term_string\"}}],\"inLanguage\":\"pl-PL\"},{\"@type\":\"Organization\",\"@id\":\"https:\\\/\\\/muzeumfabrykinorblina.pl\\\/#organization\",\"name\":\"Muzeum Fabryki Norblina\",\"url\":\"https:\\\/\\\/muzeumfabrykinorblina.pl\\\/\",\"logo\":{\"@type\":\"ImageObject\",\"inLanguage\":\"pl-PL\",\"@id\":\"https:\\\/\\\/muzeumfabrykinorblina.pl\\\/#\\\/schema\\\/logo\\\/image\\\/\",\"url\":\"https:\\\/\\\/muzeumfabrykinorblina.pl\\\/wp-content\\\/uploads\\\/2023\\\/11\\\/MFN_Featured-image_1200x675.jpg\",\"contentUrl\":\"https:\\\/\\\/muzeumfabrykinorblina.pl\\\/wp-content\\\/uploads\\\/2023\\\/11\\\/MFN_Featured-image_1200x675.jpg\",\"width\":1200,\"height\":675,\"caption\":\"Muzeum Fabryki Norblina\"},\"image\":{\"@id\":\"https:\\\/\\\/muzeumfabrykinorblina.pl\\\/#\\\/schema\\\/logo\\\/image\\\/\"},\"sameAs\":[\"https:\\\/\\\/www.facebook.com\\\/MuzeumFabrykiNorblina\",\"https:\\\/\\\/www.instagram.com\\\/muzeumfabrykinorblina\\\/\"]},{\"@type\":\"Person\",\"@id\":\"https:\\\/\\\/muzeumfabrykinorblina.pl\\\/#\\\/schema\\\/person\\\/4f1632ef79031887e0e24c4ea9d3472e\",\"name\":\"Agata Ilnicka\",\"image\":{\"@type\":\"ImageObject\",\"inLanguage\":\"pl-PL\",\"@id\":\"https:\\\/\\\/secure.gravatar.com\\\/avatar\\\/0c850e3cc969e3bec61971337ea044add4e3b6da745c50448fbab5c86b0b85d9?s=96&d=mm&r=g\",\"url\":\"https:\\\/\\\/secure.gravatar.com\\\/avatar\\\/0c850e3cc969e3bec61971337ea044add4e3b6da745c50448fbab5c86b0b85d9?s=96&d=mm&r=g\",\"contentUrl\":\"https:\\\/\\\/secure.gravatar.com\\\/avatar\\\/0c850e3cc969e3bec61971337ea044add4e3b6da745c50448fbab5c86b0b85d9?s=96&d=mm&r=g\",\"caption\":\"Agata Ilnicka\"},\"url\":\"https:\\\/\\\/muzeumfabrykinorblina.pl\\\/?author=9\"}]}<\/script>\n<!-- \/ Yoast SEO plugin. -->","yoast_head_json":{"title":"\u201eZetrzyj z w\u0142os\u00f3w py\u0142 bitewny\u201d \u2013 zapraszamy na wyj\u0105tkow\u0105 wystaw\u0119 | Muzeum Fabryki Norblina","robots":{"index":"index","follow":"follow","max-snippet":"max-snippet:-1","max-image-preview":"max-image-preview:large","max-video-preview":"max-video-preview:-1"},"canonical":"https:\/\/muzeumfabrykinorblina.pl\/?p=2947","og_locale":"pl_PL","og_type":"article","og_title":"\u201eZetrzyj z w\u0142os\u00f3w py\u0142 bitewny\u201d \u2013 zapraszamy na wyj\u0105tkow\u0105 wystaw\u0119 | Muzeum Fabryki Norblina","og_description":"\u201eZetrzyj z w\u0142os\u00f3w py\u0142 bitewny\u201d&nbsp;to zorganizowana przez Archiwum Akt Nowych, Fundacj\u0119 Archeologia Fotografii i Muzeum Fabryki Norblina wystawa fotografii&nbsp;Ryszarda Bia\u0142ousa i Tadeusza Sumi\u0144skiego \u2013&nbsp;dw\u00f3ch powsta\u0144c\u00f3w, kt\u00f3rzy \u2013 mimo tragicznych prze\u017cy\u0107 \u2013 potrafili dostrzec otaczaj\u0105ce nas pi\u0119kno i zatrzyma\u0107 je w kadrze. Na wystawie prezentowane b\u0119d\u0105 fotografie krajobraz\u00f3w przyrody Polski i Argentyny (Patagonia) \u2013 miejsc, z [&hellip;]","og_url":"https:\/\/muzeumfabrykinorblina.pl\/?p=2947","og_site_name":"Muzeum Fabryki Norblina","article_publisher":"https:\/\/www.facebook.com\/MuzeumFabrykiNorblina","article_published_time":"2024-07-31T11:47:19+00:00","article_modified_time":"2025-05-19T12:53:07+00:00","og_image":[{"width":1080,"height":1080,"url":"https:\/\/muzeumfabrykinorblina.pl\/wp-content\/uploads\/2024\/07\/Wystawa_MFN_.jpg","type":"image\/jpeg"}],"author":"Agata Ilnicka","twitter_card":"summary_large_image","twitter_misc":{"Napisane przez":"Agata Ilnicka","Szacowany czas czytania":"2 minuty"},"schema":{"@context":"https:\/\/schema.org","@graph":[{"@type":"Article","@id":"https:\/\/muzeumfabrykinorblina.pl\/?p=2947#article","isPartOf":{"@id":"https:\/\/muzeumfabrykinorblina.pl\/?p=2947"},"author":{"name":"Agata Ilnicka","@id":"https:\/\/muzeumfabrykinorblina.pl\/#\/schema\/person\/4f1632ef79031887e0e24c4ea9d3472e"},"headline":"\u201eZetrzyj z w\u0142os\u00f3w py\u0142 bitewny\u201d \u2013 zapraszamy na wyj\u0105tkow\u0105 wystaw\u0119","datePublished":"2024-07-31T11:47:19+00:00","dateModified":"2025-05-19T12:53:07+00:00","mainEntityOfPage":{"@id":"https:\/\/muzeumfabrykinorblina.pl\/?p=2947"},"wordCount":338,"publisher":{"@id":"https:\/\/muzeumfabrykinorblina.pl\/#organization"},"image":{"@id":"https:\/\/muzeumfabrykinorblina.pl\/?p=2947#primaryimage"},"thumbnailUrl":"https:\/\/muzeumfabrykinorblina.pl\/wp-content\/uploads\/2024\/07\/Wystawa_MFN_.jpg","articleSection":["Aktualno\u015bci"],"inLanguage":"pl-PL"},{"@type":"WebPage","@id":"https:\/\/muzeumfabrykinorblina.pl\/?p=2947","url":"https:\/\/muzeumfabrykinorblina.pl\/?p=2947","name":"\u201eZetrzyj z w\u0142os\u00f3w py\u0142 bitewny\u201d \u2013 zapraszamy na wyj\u0105tkow\u0105 wystaw\u0119 | Muzeum Fabryki Norblina","isPartOf":{"@id":"https:\/\/muzeumfabrykinorblina.pl\/#website"},"primaryImageOfPage":{"@id":"https:\/\/muzeumfabrykinorblina.pl\/?p=2947#primaryimage"},"image":{"@id":"https:\/\/muzeumfabrykinorblina.pl\/?p=2947#primaryimage"},"thumbnailUrl":"https:\/\/muzeumfabrykinorblina.pl\/wp-content\/uploads\/2024\/07\/Wystawa_MFN_.jpg","datePublished":"2024-07-31T11:47:19+00:00","dateModified":"2025-05-19T12:53:07+00:00","breadcrumb":{"@id":"https:\/\/muzeumfabrykinorblina.pl\/?p=2947#breadcrumb"},"inLanguage":"pl-PL","potentialAction":[{"@type":"ReadAction","target":["https:\/\/muzeumfabrykinorblina.pl\/?p=2947"]}]},{"@type":"ImageObject","inLanguage":"pl-PL","@id":"https:\/\/muzeumfabrykinorblina.pl\/?p=2947#primaryimage","url":"https:\/\/muzeumfabrykinorblina.pl\/wp-content\/uploads\/2024\/07\/Wystawa_MFN_.jpg","contentUrl":"https:\/\/muzeumfabrykinorblina.pl\/wp-content\/uploads\/2024\/07\/Wystawa_MFN_.jpg","width":1080,"height":1080},{"@type":"BreadcrumbList","@id":"https:\/\/muzeumfabrykinorblina.pl\/?p=2947#breadcrumb","itemListElement":[{"@type":"ListItem","position":1,"name":"Strona g\u0142\u00f3wna","item":"https:\/\/muzeumfabrykinorblina.pl\/"},{"@type":"ListItem","position":2,"name":"\u201eZetrzyj z w\u0142os\u00f3w py\u0142 bitewny\u201d \u2013 zapraszamy na wyj\u0105tkow\u0105 wystaw\u0119"}]},{"@type":"WebSite","@id":"https:\/\/muzeumfabrykinorblina.pl\/#website","url":"https:\/\/muzeumfabrykinorblina.pl\/","name":"Muzeum Fabryki Norblina","description":"Fabryka Norblina","publisher":{"@id":"https:\/\/muzeumfabrykinorblina.pl\/#organization"},"potentialAction":[{"@type":"SearchAction","target":{"@type":"EntryPoint","urlTemplate":"https:\/\/muzeumfabrykinorblina.pl\/?s={search_term_string}"},"query-input":{"@type":"PropertyValueSpecification","valueRequired":true,"valueName":"search_term_string"}}],"inLanguage":"pl-PL"},{"@type":"Organization","@id":"https:\/\/muzeumfabrykinorblina.pl\/#organization","name":"Muzeum Fabryki Norblina","url":"https:\/\/muzeumfabrykinorblina.pl\/","logo":{"@type":"ImageObject","inLanguage":"pl-PL","@id":"https:\/\/muzeumfabrykinorblina.pl\/#\/schema\/logo\/image\/","url":"https:\/\/muzeumfabrykinorblina.pl\/wp-content\/uploads\/2023\/11\/MFN_Featured-image_1200x675.jpg","contentUrl":"https:\/\/muzeumfabrykinorblina.pl\/wp-content\/uploads\/2023\/11\/MFN_Featured-image_1200x675.jpg","width":1200,"height":675,"caption":"Muzeum Fabryki Norblina"},"image":{"@id":"https:\/\/muzeumfabrykinorblina.pl\/#\/schema\/logo\/image\/"},"sameAs":["https:\/\/www.facebook.com\/MuzeumFabrykiNorblina","https:\/\/www.instagram.com\/muzeumfabrykinorblina\/"]},{"@type":"Person","@id":"https:\/\/muzeumfabrykinorblina.pl\/#\/schema\/person\/4f1632ef79031887e0e24c4ea9d3472e","name":"Agata Ilnicka","image":{"@type":"ImageObject","inLanguage":"pl-PL","@id":"https:\/\/secure.gravatar.com\/avatar\/0c850e3cc969e3bec61971337ea044add4e3b6da745c50448fbab5c86b0b85d9?s=96&d=mm&r=g","url":"https:\/\/secure.gravatar.com\/avatar\/0c850e3cc969e3bec61971337ea044add4e3b6da745c50448fbab5c86b0b85d9?s=96&d=mm&r=g","contentUrl":"https:\/\/secure.gravatar.com\/avatar\/0c850e3cc969e3bec61971337ea044add4e3b6da745c50448fbab5c86b0b85d9?s=96&d=mm&r=g","caption":"Agata Ilnicka"},"url":"https:\/\/muzeumfabrykinorblina.pl\/?author=9"}]}},"lang":"pl","translations":{"pl":2947},"builder_content":"","pll_sync_post":{},"_links":{"self":[{"href":"https:\/\/muzeumfabrykinorblina.pl\/index.php?rest_route=\/wp\/v2\/posts\/2947","targetHints":{"allow":["GET"]}}],"collection":[{"href":"https:\/\/muzeumfabrykinorblina.pl\/index.php?rest_route=\/wp\/v2\/posts"}],"about":[{"href":"https:\/\/muzeumfabrykinorblina.pl\/index.php?rest_route=\/wp\/v2\/types\/post"}],"author":[{"embeddable":true,"href":"https:\/\/muzeumfabrykinorblina.pl\/index.php?rest_route=\/wp\/v2\/users\/9"}],"replies":[{"embeddable":true,"href":"https:\/\/muzeumfabrykinorblina.pl\/index.php?rest_route=%2Fwp%2Fv2%2Fcomments&post=2947"}],"version-history":[{"count":0,"href":"https:\/\/muzeumfabrykinorblina.pl\/index.php?rest_route=\/wp\/v2\/posts\/2947\/revisions"}],"wp:featuredmedia":[{"embeddable":true,"href":"https:\/\/muzeumfabrykinorblina.pl\/index.php?rest_route=\/wp\/v2\/media\/2948"}],"wp:attachment":[{"href":"https:\/\/muzeumfabrykinorblina.pl\/index.php?rest_route=%2Fwp%2Fv2%2Fmedia&parent=2947"}],"wp:term":[{"taxonomy":"category","embeddable":true,"href":"https:\/\/muzeumfabrykinorblina.pl\/index.php?rest_route=%2Fwp%2Fv2%2Fcategories&post=2947"},{"taxonomy":"post_tag","embeddable":true,"href":"https:\/\/muzeumfabrykinorblina.pl\/index.php?rest_route=%2Fwp%2Fv2%2Ftags&post=2947"}],"curies":[{"name":"wp","href":"https:\/\/api.w.org\/{rel}","templated":true}]}}