{"id":2833,"date":"2024-07-17T06:22:47","date_gmt":"2024-07-17T06:22:47","guid":{"rendered":"https:\/\/muzeumfabrykinorblina.pl\/?p=2833"},"modified":"2026-05-05T19:34:02","modified_gmt":"2026-05-05T17:34:02","slug":"fabryka-norblina-w-pigulce","status":"publish","type":"post","link":"https:\/\/muzeumfabrykinorblina.pl\/?p=2833","title":{"rendered":"Fabryka Norblina w pigu\u0142ce"},"content":{"rendered":"\n<p class=\"wp-block-paragraph\">Najbardziej interesuj\u0105cymi z historycznego punktu widzenia s\u0105 \u015bcie\u017cki \u201eBudynki i Architektura\u201d oraz \u201eMaszyny i Urz\u0105dzenia\u201d. Wybieraj\u0105c je, mo\u017cemy ogl\u0105da\u0107 obiekty b\u0119d\u0105ce elementami zabytkowej Fabryki Norblina wpisane do rejestru zabytk\u00f3w. R\u00f3wnie ciekaw\u0105, cho\u0107 nie opart\u0105 na obiektach wpisanych do rejestru zabytk\u00f3w, jednak stanowi\u0105cych integralny element Fabryki, jest \u015bcie\u017cka \u201eWyroby\u201d, na kt\u00f3rej mo\u017cemy obejrze\u0107 oryginalne historyczne wyroby Fabryki.&nbsp; \u015acie\u017cka \u201eLudzie\u201d jest form\u0105 spaceru po fabrycznych uliczkach i skwerach, kt\u00f3re maj\u0105 swoich patron\u00f3w \u2013 historyczne postacie zwi\u0105zane z Fabryk\u0105, kt\u00f3rych imionami s\u0105 nazwane.<\/p>\n\n\n\n<p class=\"wp-block-paragraph\">Odwiedzaj\u0105cy rozpoczynaj\u0105 swoj\u0105 podr\u00f3\u017c przez dzieje tego niezwyk\u0142ego miejsca od ko\u0144ca XVIII w., kiedy by\u0142o ono jeszcze w\u0142asno\u015bci\u0105 Franciszka Ryxa \u2013 kamerdynera kr\u00f3la Stanis\u0142awa Augusta, poprzez lata \u015bwietno\u015bci zak\u0142adu Norblin, Bracia Buch i T. Werner, a\u017c do powojennej dzia\u0142alno\u015bci zak\u0142adu prowadzonego ju\u017c jako Walcownia Metali \u201eWarszawa\u201d.<\/p>\n\n\n\n<p class=\"wp-block-paragraph\">Muzeum przedstawia tak\u017ce losy tego miejsca po 1982 roku, kiedy zako\u0144czona zosta\u0142a fabryczna produkcja. Zwiedzaj\u0105cy poznaj\u0105 dzieje rodzin Werner\u00f3w i Norblin\u00f3w, sylwetki znacz\u0105cych historycznie dla fabryki postaci \u2013 m.in. Franciszka Ryxa, czy Julii Keilowej \u2013 wybitnej projektantki mi\u0119dzywojennej, kt\u00f3ra tworzy\u0142a dla najwa\u017cniejszych polskich zak\u0142ad\u00f3w platerniczych oraz zapoznaj\u0105 si\u0119 z imponuj\u0105c\u0105 kolekcj\u0105 niezwykle w\u00f3wczas popularnych wyrob\u00f3w.<\/p>\n\n\n\n<div style=\"height:12px\" aria-hidden=\"true\" class=\"wp-block-spacer\"><\/div>\n\n\n\n<h2 class=\"wp-block-heading\">Co oferujemy?<\/h2>\n\n\n\n<p class=\"wp-block-paragraph\">Interaktywne zwiedzanie z przewodnikiem lub przewodnikiem-aktorem wcielaj\u0105cym si\u0119 w rol\u0119 jednej z postaci zwi\u0105zanych historycznie z Fabryk\u0105 Norblina.\u00a0<\/p>\n\n\n<!-- wp:themify-builder\/canvas \/-->","protected":false},"excerpt":{"rendered":"<p>Najbardziej interesuj\u0105cymi z historycznego punktu widzenia s\u0105 \u015bcie\u017cki \u201eBudynki i Architektura\u201d oraz \u201eMaszyny i Urz\u0105dzenia\u201d. Wybieraj\u0105c je, mo\u017cemy ogl\u0105da\u0107 obiekty b\u0119d\u0105ce elementami zabytkowej Fabryki Norblina wpisane do rejestru zabytk\u00f3w. R\u00f3wnie ciekaw\u0105, cho\u0107 nie opart\u0105 na obiektach wpisanych do rejestru zabytk\u00f3w, jednak stanowi\u0105cych integralny element Fabryki, jest \u015bcie\u017cka \u201eWyroby\u201d, na kt\u00f3rej mo\u017cemy obejrze\u0107 oryginalne historyczne wyroby [&hellip;]<\/p>\n","protected":false},"author":1,"featured_media":5695,"comment_status":"closed","ping_status":"closed","sticky":false,"template":"","format":"standard","meta":{"_acf_changed":false,"_monsterinsights_skip_tracking":false,"footnotes":""},"categories":[72,105,63,76],"tags":[],"class_list":["post-2833","post","type-post","status-publish","format-standard","has-post-thumbnail","hentry","category-do-kupienia","category-dostepne","category-wycieczki","category-wycieczki-stale","has-post-title","has-post-date","has-post-category","has-post-tag","has-post-comment","has-post-author",""],"acf":[],"yoast_head":"<!-- This site is optimized with the Yoast SEO plugin v28.2 - https:\/\/yoast.com\/product\/yoast-seo-wordpress\/ -->\n<title>Fabryka Norblina w pigu\u0142ce | Muzeum Fabryki Norblina<\/title>\n<meta name=\"description\" content=\"Zapraszamy na interaktywne zwiedzanie z przewodnikiem, kt\u00f3ry wprowadzi Ci\u0119 w tajemnice dawnej fabryki. A na koniec ma\u0142y pocz\u0119stunek.\" \/>\n<meta name=\"robots\" content=\"index, follow, max-snippet:-1, max-image-preview:large, max-video-preview:-1\" \/>\n<link rel=\"canonical\" href=\"https:\/\/muzeumfabrykinorblina.pl\/?p=2833\" \/>\n<meta property=\"og:locale\" content=\"pl_PL\" \/>\n<meta property=\"og:type\" content=\"article\" \/>\n<meta property=\"og:title\" content=\"Fabryka Norblina w pigu\u0142ce\" \/>\n<meta property=\"og:description\" content=\"Zapraszamy na interaktywne zwiedzanie z przewodnikiem, kt\u00f3ry wprowadzi Ci\u0119 w tajemnice dawnej fabryki. A na koniec ma\u0142y pocz\u0119stunek.\" \/>\n<meta property=\"og:url\" content=\"https:\/\/muzeumfabrykinorblina.pl\/?p=2833\" \/>\n<meta property=\"og:site_name\" content=\"Muzeum Fabryki Norblina\" \/>\n<meta property=\"article:publisher\" content=\"https:\/\/www.facebook.com\/MuzeumFabrykiNorblina\" \/>\n<meta property=\"article:published_time\" content=\"2024-07-17T06:22:47+00:00\" \/>\n<meta property=\"article:modified_time\" content=\"2026-05-05T17:34:02+00:00\" \/>\n<meta property=\"og:image\" content=\"https:\/\/muzeumfabrykinorblina.pl\/wp-content\/uploads\/2023\/10\/MFN_Theme-logo.jpg\" \/>\n\t<meta property=\"og:image:width\" content=\"1080\" \/>\n\t<meta property=\"og:image:height\" content=\"1080\" \/>\n\t<meta property=\"og:image:type\" content=\"image\/jpeg\" \/>\n<meta name=\"author\" content=\"Pawe\u0142 Durka\" \/>\n<meta name=\"twitter:card\" content=\"summary_large_image\" \/>\n<meta name=\"twitter:title\" content=\"Fabryka Norblina w pigu\u0142ce\" \/>\n<meta name=\"twitter:description\" content=\"Zapraszamy na interaktywne zwiedzanie z przewodnikiem, kt\u00f3ry wprowadzi Ci\u0119 w tajemnice dawnej fabryki. A na koniec ma\u0142y pocz\u0119stunek.\" \/>\n<meta name=\"twitter:image\" content=\"https:\/\/muzeumfabrykinorblina.pl\/wp-content\/uploads\/2023\/10\/MFN_Theme-logo.jpg\" \/>\n<meta name=\"twitter:label1\" content=\"Napisane przez\" \/>\n\t<meta name=\"twitter:data1\" content=\"Pawe\u0142 Durka\" \/>\n\t<meta name=\"twitter:label2\" content=\"Szacowany czas czytania\" \/>\n\t<meta name=\"twitter:data2\" content=\"2 minuty\" \/>\n<script type=\"application\/ld+json\" class=\"yoast-schema-graph\">{\"@context\":\"https:\\\/\\\/schema.org\",\"@graph\":[{\"@type\":\"Article\",\"@id\":\"https:\\\/\\\/muzeumfabrykinorblina.pl\\\/?p=2833#article\",\"isPartOf\":{\"@id\":\"https:\\\/\\\/muzeumfabrykinorblina.pl\\\/?p=2833\"},\"author\":{\"name\":\"Pawe\u0142 Durka\",\"@id\":\"https:\\\/\\\/muzeumfabrykinorblina.pl\\\/#\\\/schema\\\/person\\\/0938cd3099cfa22b49acc1cd4cfe55f4\"},\"headline\":\"Fabryka Norblina w pigu\u0142ce\",\"datePublished\":\"2024-07-17T06:22:47+00:00\",\"dateModified\":\"2026-05-05T17:34:02+00:00\",\"mainEntityOfPage\":{\"@id\":\"https:\\\/\\\/muzeumfabrykinorblina.pl\\\/?p=2833\"},\"wordCount\":254,\"publisher\":{\"@id\":\"https:\\\/\\\/muzeumfabrykinorblina.pl\\\/#organization\"},\"image\":{\"@id\":\"https:\\\/\\\/muzeumfabrykinorblina.pl\\\/?p=2833#primaryimage\"},\"thumbnailUrl\":\"https:\\\/\\\/muzeumfabrykinorblina.pl\\\/wp-content\\\/uploads\\\/2024\\\/07\\\/MFN_Wycieczki_1200x630_FN-w-pigulce.jpg\",\"articleSection\":[\"Do kupienia\",\"Dost\u0119pne\",\"Wycieczki\",\"Wycieczki sta\u0142e\"],\"inLanguage\":\"pl-PL\"},{\"@type\":\"WebPage\",\"@id\":\"https:\\\/\\\/muzeumfabrykinorblina.pl\\\/?p=2833\",\"url\":\"https:\\\/\\\/muzeumfabrykinorblina.pl\\\/?p=2833\",\"name\":\"Fabryka Norblina w pigu\u0142ce | Muzeum Fabryki Norblina\",\"isPartOf\":{\"@id\":\"https:\\\/\\\/muzeumfabrykinorblina.pl\\\/#website\"},\"primaryImageOfPage\":{\"@id\":\"https:\\\/\\\/muzeumfabrykinorblina.pl\\\/?p=2833#primaryimage\"},\"image\":{\"@id\":\"https:\\\/\\\/muzeumfabrykinorblina.pl\\\/?p=2833#primaryimage\"},\"thumbnailUrl\":\"https:\\\/\\\/muzeumfabrykinorblina.pl\\\/wp-content\\\/uploads\\\/2024\\\/07\\\/MFN_Wycieczki_1200x630_FN-w-pigulce.jpg\",\"datePublished\":\"2024-07-17T06:22:47+00:00\",\"dateModified\":\"2026-05-05T17:34:02+00:00\",\"description\":\"Zapraszamy na interaktywne zwiedzanie z przewodnikiem, kt\u00f3ry wprowadzi Ci\u0119 w tajemnice dawnej fabryki. A na koniec ma\u0142y pocz\u0119stunek.\",\"breadcrumb\":{\"@id\":\"https:\\\/\\\/muzeumfabrykinorblina.pl\\\/?p=2833#breadcrumb\"},\"inLanguage\":\"pl-PL\",\"potentialAction\":[{\"@type\":\"ReadAction\",\"target\":[\"https:\\\/\\\/muzeumfabrykinorblina.pl\\\/?p=2833\"]}]},{\"@type\":\"ImageObject\",\"inLanguage\":\"pl-PL\",\"@id\":\"https:\\\/\\\/muzeumfabrykinorblina.pl\\\/?p=2833#primaryimage\",\"url\":\"https:\\\/\\\/muzeumfabrykinorblina.pl\\\/wp-content\\\/uploads\\\/2024\\\/07\\\/MFN_Wycieczki_1200x630_FN-w-pigulce.jpg\",\"contentUrl\":\"https:\\\/\\\/muzeumfabrykinorblina.pl\\\/wp-content\\\/uploads\\\/2024\\\/07\\\/MFN_Wycieczki_1200x630_FN-w-pigulce.jpg\",\"width\":1200,\"height\":630,\"caption\":\"Zwiedzanie Fabryki Norblina, \\\"Fabryka Norblina w pigu\u0142ce\\\"\"},{\"@type\":\"BreadcrumbList\",\"@id\":\"https:\\\/\\\/muzeumfabrykinorblina.pl\\\/?p=2833#breadcrumb\",\"itemListElement\":[{\"@type\":\"ListItem\",\"position\":1,\"name\":\"Strona g\u0142\u00f3wna\",\"item\":\"https:\\\/\\\/muzeumfabrykinorblina.pl\\\/\"},{\"@type\":\"ListItem\",\"position\":2,\"name\":\"Fabryka Norblina w pigu\u0142ce\"}]},{\"@type\":\"WebSite\",\"@id\":\"https:\\\/\\\/muzeumfabrykinorblina.pl\\\/#website\",\"url\":\"https:\\\/\\\/muzeumfabrykinorblina.pl\\\/\",\"name\":\"Muzeum Fabryki Norblina\",\"description\":\"Fabryka Norblina\",\"publisher\":{\"@id\":\"https:\\\/\\\/muzeumfabrykinorblina.pl\\\/#organization\"},\"potentialAction\":[{\"@type\":\"SearchAction\",\"target\":{\"@type\":\"EntryPoint\",\"urlTemplate\":\"https:\\\/\\\/muzeumfabrykinorblina.pl\\\/?s={search_term_string}\"},\"query-input\":{\"@type\":\"PropertyValueSpecification\",\"valueRequired\":true,\"valueName\":\"search_term_string\"}}],\"inLanguage\":\"pl-PL\"},{\"@type\":\"Organization\",\"@id\":\"https:\\\/\\\/muzeumfabrykinorblina.pl\\\/#organization\",\"name\":\"Muzeum Fabryki Norblina\",\"url\":\"https:\\\/\\\/muzeumfabrykinorblina.pl\\\/\",\"logo\":{\"@type\":\"ImageObject\",\"inLanguage\":\"pl-PL\",\"@id\":\"https:\\\/\\\/muzeumfabrykinorblina.pl\\\/#\\\/schema\\\/logo\\\/image\\\/\",\"url\":\"https:\\\/\\\/muzeumfabrykinorblina.pl\\\/wp-content\\\/uploads\\\/2023\\\/11\\\/MFN_Featured-image_1200x675.jpg\",\"contentUrl\":\"https:\\\/\\\/muzeumfabrykinorblina.pl\\\/wp-content\\\/uploads\\\/2023\\\/11\\\/MFN_Featured-image_1200x675.jpg\",\"width\":1200,\"height\":675,\"caption\":\"Muzeum Fabryki Norblina\"},\"image\":{\"@id\":\"https:\\\/\\\/muzeumfabrykinorblina.pl\\\/#\\\/schema\\\/logo\\\/image\\\/\"},\"sameAs\":[\"https:\\\/\\\/www.facebook.com\\\/MuzeumFabrykiNorblina\",\"https:\\\/\\\/www.instagram.com\\\/muzeumfabrykinorblina\\\/\"]},{\"@type\":\"Person\",\"@id\":\"https:\\\/\\\/muzeumfabrykinorblina.pl\\\/#\\\/schema\\\/person\\\/0938cd3099cfa22b49acc1cd4cfe55f4\",\"name\":\"Pawe\u0142 Durka\",\"image\":{\"@type\":\"ImageObject\",\"inLanguage\":\"pl-PL\",\"@id\":\"https:\\\/\\\/secure.gravatar.com\\\/avatar\\\/17861b77f0b68711665fe1e8e67ddc567ab523acd30a7535eec485fb2e8c92ff?s=96&d=mm&r=g\",\"url\":\"https:\\\/\\\/secure.gravatar.com\\\/avatar\\\/17861b77f0b68711665fe1e8e67ddc567ab523acd30a7535eec485fb2e8c92ff?s=96&d=mm&r=g\",\"contentUrl\":\"https:\\\/\\\/secure.gravatar.com\\\/avatar\\\/17861b77f0b68711665fe1e8e67ddc567ab523acd30a7535eec485fb2e8c92ff?s=96&d=mm&r=g\",\"caption\":\"Pawe\u0142 Durka\"},\"sameAs\":[\"https:\\\/\\\/muzeumfabrykinorblina.pl\"],\"url\":\"https:\\\/\\\/muzeumfabrykinorblina.pl\\\/?author=1\"}]}<\/script>\n<!-- \/ Yoast SEO plugin. -->","yoast_head_json":{"title":"Fabryka Norblina w pigu\u0142ce | Muzeum Fabryki Norblina","description":"Zapraszamy na interaktywne zwiedzanie z przewodnikiem, kt\u00f3ry wprowadzi Ci\u0119 w tajemnice dawnej fabryki. A na koniec ma\u0142y pocz\u0119stunek.","robots":{"index":"index","follow":"follow","max-snippet":"max-snippet:-1","max-image-preview":"max-image-preview:large","max-video-preview":"max-video-preview:-1"},"canonical":"https:\/\/muzeumfabrykinorblina.pl\/?p=2833","og_locale":"pl_PL","og_type":"article","og_title":"Fabryka Norblina w pigu\u0142ce","og_description":"Zapraszamy na interaktywne zwiedzanie z przewodnikiem, kt\u00f3ry wprowadzi Ci\u0119 w tajemnice dawnej fabryki. A na koniec ma\u0142y pocz\u0119stunek.","og_url":"https:\/\/muzeumfabrykinorblina.pl\/?p=2833","og_site_name":"Muzeum Fabryki Norblina","article_publisher":"https:\/\/www.facebook.com\/MuzeumFabrykiNorblina","article_published_time":"2024-07-17T06:22:47+00:00","article_modified_time":"2026-05-05T17:34:02+00:00","og_image":[{"width":1080,"height":1080,"url":"https:\/\/muzeumfabrykinorblina.pl\/wp-content\/uploads\/2023\/10\/MFN_Theme-logo.jpg","type":"image\/jpeg"}],"author":"Pawe\u0142 Durka","twitter_card":"summary_large_image","twitter_title":"Fabryka Norblina w pigu\u0142ce","twitter_description":"Zapraszamy na interaktywne zwiedzanie z przewodnikiem, kt\u00f3ry wprowadzi Ci\u0119 w tajemnice dawnej fabryki. A na koniec ma\u0142y pocz\u0119stunek.","twitter_image":"https:\/\/muzeumfabrykinorblina.pl\/wp-content\/uploads\/2023\/10\/MFN_Theme-logo.jpg","twitter_misc":{"Napisane przez":"Pawe\u0142 Durka","Szacowany czas czytania":"2 minuty"},"schema":{"@context":"https:\/\/schema.org","@graph":[{"@type":"Article","@id":"https:\/\/muzeumfabrykinorblina.pl\/?p=2833#article","isPartOf":{"@id":"https:\/\/muzeumfabrykinorblina.pl\/?p=2833"},"author":{"name":"Pawe\u0142 Durka","@id":"https:\/\/muzeumfabrykinorblina.pl\/#\/schema\/person\/0938cd3099cfa22b49acc1cd4cfe55f4"},"headline":"Fabryka Norblina w pigu\u0142ce","datePublished":"2024-07-17T06:22:47+00:00","dateModified":"2026-05-05T17:34:02+00:00","mainEntityOfPage":{"@id":"https:\/\/muzeumfabrykinorblina.pl\/?p=2833"},"wordCount":254,"publisher":{"@id":"https:\/\/muzeumfabrykinorblina.pl\/#organization"},"image":{"@id":"https:\/\/muzeumfabrykinorblina.pl\/?p=2833#primaryimage"},"thumbnailUrl":"https:\/\/muzeumfabrykinorblina.pl\/wp-content\/uploads\/2024\/07\/MFN_Wycieczki_1200x630_FN-w-pigulce.jpg","articleSection":["Do kupienia","Dost\u0119pne","Wycieczki","Wycieczki sta\u0142e"],"inLanguage":"pl-PL"},{"@type":"WebPage","@id":"https:\/\/muzeumfabrykinorblina.pl\/?p=2833","url":"https:\/\/muzeumfabrykinorblina.pl\/?p=2833","name":"Fabryka Norblina w pigu\u0142ce | Muzeum Fabryki Norblina","isPartOf":{"@id":"https:\/\/muzeumfabrykinorblina.pl\/#website"},"primaryImageOfPage":{"@id":"https:\/\/muzeumfabrykinorblina.pl\/?p=2833#primaryimage"},"image":{"@id":"https:\/\/muzeumfabrykinorblina.pl\/?p=2833#primaryimage"},"thumbnailUrl":"https:\/\/muzeumfabrykinorblina.pl\/wp-content\/uploads\/2024\/07\/MFN_Wycieczki_1200x630_FN-w-pigulce.jpg","datePublished":"2024-07-17T06:22:47+00:00","dateModified":"2026-05-05T17:34:02+00:00","description":"Zapraszamy na interaktywne zwiedzanie z przewodnikiem, kt\u00f3ry wprowadzi Ci\u0119 w tajemnice dawnej fabryki. A na koniec ma\u0142y pocz\u0119stunek.","breadcrumb":{"@id":"https:\/\/muzeumfabrykinorblina.pl\/?p=2833#breadcrumb"},"inLanguage":"pl-PL","potentialAction":[{"@type":"ReadAction","target":["https:\/\/muzeumfabrykinorblina.pl\/?p=2833"]}]},{"@type":"ImageObject","inLanguage":"pl-PL","@id":"https:\/\/muzeumfabrykinorblina.pl\/?p=2833#primaryimage","url":"https:\/\/muzeumfabrykinorblina.pl\/wp-content\/uploads\/2024\/07\/MFN_Wycieczki_1200x630_FN-w-pigulce.jpg","contentUrl":"https:\/\/muzeumfabrykinorblina.pl\/wp-content\/uploads\/2024\/07\/MFN_Wycieczki_1200x630_FN-w-pigulce.jpg","width":1200,"height":630,"caption":"Zwiedzanie Fabryki Norblina, \"Fabryka Norblina w pigu\u0142ce\""},{"@type":"BreadcrumbList","@id":"https:\/\/muzeumfabrykinorblina.pl\/?p=2833#breadcrumb","itemListElement":[{"@type":"ListItem","position":1,"name":"Strona g\u0142\u00f3wna","item":"https:\/\/muzeumfabrykinorblina.pl\/"},{"@type":"ListItem","position":2,"name":"Fabryka Norblina w pigu\u0142ce"}]},{"@type":"WebSite","@id":"https:\/\/muzeumfabrykinorblina.pl\/#website","url":"https:\/\/muzeumfabrykinorblina.pl\/","name":"Muzeum Fabryki Norblina","description":"Fabryka Norblina","publisher":{"@id":"https:\/\/muzeumfabrykinorblina.pl\/#organization"},"potentialAction":[{"@type":"SearchAction","target":{"@type":"EntryPoint","urlTemplate":"https:\/\/muzeumfabrykinorblina.pl\/?s={search_term_string}"},"query-input":{"@type":"PropertyValueSpecification","valueRequired":true,"valueName":"search_term_string"}}],"inLanguage":"pl-PL"},{"@type":"Organization","@id":"https:\/\/muzeumfabrykinorblina.pl\/#organization","name":"Muzeum Fabryki Norblina","url":"https:\/\/muzeumfabrykinorblina.pl\/","logo":{"@type":"ImageObject","inLanguage":"pl-PL","@id":"https:\/\/muzeumfabrykinorblina.pl\/#\/schema\/logo\/image\/","url":"https:\/\/muzeumfabrykinorblina.pl\/wp-content\/uploads\/2023\/11\/MFN_Featured-image_1200x675.jpg","contentUrl":"https:\/\/muzeumfabrykinorblina.pl\/wp-content\/uploads\/2023\/11\/MFN_Featured-image_1200x675.jpg","width":1200,"height":675,"caption":"Muzeum Fabryki Norblina"},"image":{"@id":"https:\/\/muzeumfabrykinorblina.pl\/#\/schema\/logo\/image\/"},"sameAs":["https:\/\/www.facebook.com\/MuzeumFabrykiNorblina","https:\/\/www.instagram.com\/muzeumfabrykinorblina\/"]},{"@type":"Person","@id":"https:\/\/muzeumfabrykinorblina.pl\/#\/schema\/person\/0938cd3099cfa22b49acc1cd4cfe55f4","name":"Pawe\u0142 Durka","image":{"@type":"ImageObject","inLanguage":"pl-PL","@id":"https:\/\/secure.gravatar.com\/avatar\/17861b77f0b68711665fe1e8e67ddc567ab523acd30a7535eec485fb2e8c92ff?s=96&d=mm&r=g","url":"https:\/\/secure.gravatar.com\/avatar\/17861b77f0b68711665fe1e8e67ddc567ab523acd30a7535eec485fb2e8c92ff?s=96&d=mm&r=g","contentUrl":"https:\/\/secure.gravatar.com\/avatar\/17861b77f0b68711665fe1e8e67ddc567ab523acd30a7535eec485fb2e8c92ff?s=96&d=mm&r=g","caption":"Pawe\u0142 Durka"},"sameAs":["https:\/\/muzeumfabrykinorblina.pl"],"url":"https:\/\/muzeumfabrykinorblina.pl\/?author=1"}]}},"lang":"pl","translations":{"pl":2833},"builder_content":"","pll_sync_post":{},"_links":{"self":[{"href":"https:\/\/muzeumfabrykinorblina.pl\/index.php?rest_route=\/wp\/v2\/posts\/2833","targetHints":{"allow":["GET"]}}],"collection":[{"href":"https:\/\/muzeumfabrykinorblina.pl\/index.php?rest_route=\/wp\/v2\/posts"}],"about":[{"href":"https:\/\/muzeumfabrykinorblina.pl\/index.php?rest_route=\/wp\/v2\/types\/post"}],"author":[{"embeddable":true,"href":"https:\/\/muzeumfabrykinorblina.pl\/index.php?rest_route=\/wp\/v2\/users\/1"}],"replies":[{"embeddable":true,"href":"https:\/\/muzeumfabrykinorblina.pl\/index.php?rest_route=%2Fwp%2Fv2%2Fcomments&post=2833"}],"version-history":[{"count":2,"href":"https:\/\/muzeumfabrykinorblina.pl\/index.php?rest_route=\/wp\/v2\/posts\/2833\/revisions"}],"predecessor-version":[{"id":7625,"href":"https:\/\/muzeumfabrykinorblina.pl\/index.php?rest_route=\/wp\/v2\/posts\/2833\/revisions\/7625"}],"wp:featuredmedia":[{"embeddable":true,"href":"https:\/\/muzeumfabrykinorblina.pl\/index.php?rest_route=\/wp\/v2\/media\/5695"}],"wp:attachment":[{"href":"https:\/\/muzeumfabrykinorblina.pl\/index.php?rest_route=%2Fwp%2Fv2%2Fmedia&parent=2833"}],"wp:term":[{"taxonomy":"category","embeddable":true,"href":"https:\/\/muzeumfabrykinorblina.pl\/index.php?rest_route=%2Fwp%2Fv2%2Fcategories&post=2833"},{"taxonomy":"post_tag","embeddable":true,"href":"https:\/\/muzeumfabrykinorblina.pl\/index.php?rest_route=%2Fwp%2Fv2%2Ftags&post=2833"}],"curies":[{"name":"wp","href":"https:\/\/api.w.org\/{rel}","templated":true}]}}