{"id":2646,"date":"2024-07-01T12:07:11","date_gmt":"2024-07-01T12:07:11","guid":{"rendered":"https:\/\/muzeumfabrykinorblina.pl\/?p=2646"},"modified":"2024-07-31T11:32:38","modified_gmt":"2024-07-31T11:32:38","slug":"wieczorne-zwiedzanie-w-muzeum-fabryki-norblina","status":"publish","type":"post","link":"https:\/\/muzeumfabrykinorblina.pl\/?p=2646","title":{"rendered":"Wieczorne Zwiedzanie w Muzeum Fabryki Norblina"},"content":{"rendered":"\n<p class=\"wp-block-paragraph\">Muzeum Fabryki Norblina zaprasza na niezwyk\u0142e wieczorne zwiedzanie \u2013 poznacie histori\u0119 przemys\u0142owej Warszawy i odkryjecie jej wsp\u00f3\u0142czesne oblicze. Wycieczka odb\u0119dzie si\u0119 \u015bcie\u017ck\u0105 \u201eFabryka w pigu\u0142ce\u201d po zmroku, dzi\u0119ki czemu uka\u017c\u0105 si\u0119 nowe elementy ekspozycji. Ta \u015bcie\u017cka obejmuje najwa\u017cniejsze i najciekawsze elementy z 4 g\u0142\u00f3wnych tras zwiedzania: Budynki i Architektura, Maszyny i Urz\u0105dzenia, Ludzie oraz Wyroby.<\/p>\n\n\n\n<p class=\"wp-block-paragraph\">To doskona\u0142a okazja, aby zobaczy\u0107 Fabryk\u0119 Norblina w zupe\u0142nie nowym \u015bwietle!<\/p>\n\n\n\n<p class=\"wp-block-paragraph\">Aby pozna\u0107 terminy wieczornych oprowadza\u0144, wystarczy wype\u0142ni\u0107 formularz zg\u0142oszeniowy\u00a0\ud83d\udc49 <strong><a href=\"https:\/\/muzeumfabrykinorblina.pl\/wieczorne-zwiedzanie-muzeum-fabryki-norblina\/\">https:\/\/muzeumfabrykinorblina.pl\/wieczorne-zwiedzanie-muzeum-fabryki-norblina\/<\/a><\/strong><\/p>\n\n\n\n<p class=\"wp-block-paragraph\"><strong>Jest mn\u00f3stwo ciekawych historii do opowiedzenia!<\/strong> <\/p>\n\n\n\n<p class=\"wp-block-paragraph\">Odwiedzaj\u0105cy rozpoczynaj\u0105 swoj\u0105 podr\u00f3\u017c przez dzieje tego niezwyk\u0142ego miejsca od ko\u0144ca XVIII w., kiedy by\u0142a ona jeszcze w\u0142asno\u015bci\u0105 Franciszka Ryxa \u2013 kamerdynera kr\u00f3la Stanis\u0142awa Augusta, poprzez lata \u015bwietno\u015bci zak\u0142adu Norblin, Bracia Buch i T. Werner, a\u017c do powojennej dzia\u0142alno\u015bci zak\u0142adu prowadzonej ju\u017c jako Walcownia Metali \u201eWarszawa\u201d.<\/p>\n\n\n\n<p class=\"wp-block-paragraph\">Muzeum przedstawia tak\u017ce losy tego miejsca po 1982 roku, kiedy zako\u0144czona zosta\u0142a fabryczna produkcja. Zwiedzaj\u0105cy poznaj\u0105 dzieje rodzin Werner\u00f3w i Norblin\u00f3w, sylwetki znacz\u0105cych historycznie dla fabryki postaci \u2013&nbsp;m.in. Franciszka Ryxa, czy Julii Keilowej \u2013 wybitnej projektantki mi\u0119dzywojennej, kt\u00f3ra tworzy\u0142a dla najwa\u017cniejszych polskich zak\u0142ad\u00f3w platerniczych oraz zapoznaj\u0105 si\u0119 z imponuj\u0105c\u0105 kolekcj\u0105 niezwykle w\u00f3wczas popularnych wyrob\u00f3w.<\/p>\n\n\n<!-- wp:themify-builder\/canvas \/-->\n\n<!--themify_builder_static--><!--\/themify_builder_static-->","protected":false},"excerpt":{"rendered":"<p>Muzeum Fabryki Norblina zaprasza na niezwyk\u0142e wieczorne zwiedzanie \u2013 poznacie histori\u0119 przemys\u0142owej Warszawy i odkryjecie jej wsp\u00f3\u0142czesne oblicze. Wycieczka odb\u0119dzie si\u0119 \u015bcie\u017ck\u0105 \u201eFabryka w pigu\u0142ce\u201d po zmroku, dzi\u0119ki czemu uka\u017c\u0105 si\u0119 nowe elementy ekspozycji. Ta \u015bcie\u017cka obejmuje najwa\u017cniejsze i najciekawsze elementy z 4 g\u0142\u00f3wnych tras zwiedzania: Budynki i Architektura, Maszyny i Urz\u0105dzenia, Ludzie oraz Wyroby. [&hellip;]<\/p>\n","protected":false},"author":9,"featured_media":2647,"comment_status":"closed","ping_status":"closed","sticky":false,"template":"","format":"standard","meta":{"_acf_changed":false,"_monsterinsights_skip_tracking":false,"footnotes":""},"categories":[29],"tags":[],"class_list":["post-2646","post","type-post","status-publish","format-standard","has-post-thumbnail","hentry","category-aktualnosci","has-post-title","has-post-date","has-post-category","has-post-tag","has-post-comment","has-post-author",""],"acf":[],"yoast_head":"<!-- This site is optimized with the Yoast SEO plugin v28.2 - https:\/\/yoast.com\/product\/yoast-seo-wordpress\/ -->\n<title>Wieczorne Zwiedzanie w Muzeum Fabryki Norblina | Muzeum Fabryki Norblina<\/title>\n<meta name=\"robots\" content=\"index, follow, max-snippet:-1, max-image-preview:large, max-video-preview:-1\" \/>\n<link rel=\"canonical\" href=\"https:\/\/muzeumfabrykinorblina.pl\/?p=2646\" \/>\n<meta property=\"og:locale\" content=\"pl_PL\" \/>\n<meta property=\"og:type\" content=\"article\" \/>\n<meta property=\"og:title\" content=\"Wieczorne Zwiedzanie w Muzeum Fabryki Norblina | Muzeum Fabryki Norblina\" \/>\n<meta property=\"og:description\" content=\"Muzeum Fabryki Norblina zaprasza na niezwyk\u0142e wieczorne zwiedzanie \u2013 poznacie histori\u0119 przemys\u0142owej Warszawy i odkryjecie jej wsp\u00f3\u0142czesne oblicze. Wycieczka odb\u0119dzie si\u0119 \u015bcie\u017ck\u0105 \u201eFabryka w pigu\u0142ce\u201d po zmroku, dzi\u0119ki czemu uka\u017c\u0105 si\u0119 nowe elementy ekspozycji. Ta \u015bcie\u017cka obejmuje najwa\u017cniejsze i najciekawsze elementy z 4 g\u0142\u00f3wnych tras zwiedzania: Budynki i Architektura, Maszyny i Urz\u0105dzenia, Ludzie oraz Wyroby. [&hellip;]\" \/>\n<meta property=\"og:url\" content=\"https:\/\/muzeumfabrykinorblina.pl\/?p=2646\" \/>\n<meta property=\"og:site_name\" content=\"Muzeum Fabryki Norblina\" \/>\n<meta property=\"article:publisher\" content=\"https:\/\/www.facebook.com\/MuzeumFabrykiNorblina\" \/>\n<meta property=\"article:published_time\" content=\"2024-07-01T12:07:11+00:00\" \/>\n<meta property=\"article:modified_time\" content=\"2024-07-31T11:32:38+00:00\" \/>\n<meta property=\"og:image\" content=\"https:\/\/muzeumfabrykinorblina.pl\/wp-content\/uploads\/2024\/07\/Wieczorne_Zwiedzanie_MFN.jpg\" \/>\n\t<meta property=\"og:image:width\" content=\"1080\" \/>\n\t<meta property=\"og:image:height\" content=\"1080\" \/>\n\t<meta property=\"og:image:type\" content=\"image\/jpeg\" \/>\n<meta name=\"author\" content=\"Agata Ilnicka\" \/>\n<meta name=\"twitter:card\" content=\"summary_large_image\" \/>\n<meta name=\"twitter:label1\" content=\"Napisane przez\" \/>\n\t<meta name=\"twitter:data1\" content=\"Agata Ilnicka\" \/>\n\t<meta name=\"twitter:label2\" content=\"Szacowany czas czytania\" \/>\n\t<meta name=\"twitter:data2\" content=\"2 minuty\" \/>\n<script type=\"application\/ld+json\" class=\"yoast-schema-graph\">{\"@context\":\"https:\\\/\\\/schema.org\",\"@graph\":[{\"@type\":\"Article\",\"@id\":\"https:\\\/\\\/muzeumfabrykinorblina.pl\\\/?p=2646#article\",\"isPartOf\":{\"@id\":\"https:\\\/\\\/muzeumfabrykinorblina.pl\\\/?p=2646\"},\"author\":{\"name\":\"Agata Ilnicka\",\"@id\":\"https:\\\/\\\/muzeumfabrykinorblina.pl\\\/#\\\/schema\\\/person\\\/4f1632ef79031887e0e24c4ea9d3472e\"},\"headline\":\"Wieczorne Zwiedzanie w Muzeum Fabryki Norblina\",\"datePublished\":\"2024-07-01T12:07:11+00:00\",\"dateModified\":\"2024-07-31T11:32:38+00:00\",\"mainEntityOfPage\":{\"@id\":\"https:\\\/\\\/muzeumfabrykinorblina.pl\\\/?p=2646\"},\"wordCount\":233,\"publisher\":{\"@id\":\"https:\\\/\\\/muzeumfabrykinorblina.pl\\\/#organization\"},\"image\":{\"@id\":\"https:\\\/\\\/muzeumfabrykinorblina.pl\\\/?p=2646#primaryimage\"},\"thumbnailUrl\":\"https:\\\/\\\/muzeumfabrykinorblina.pl\\\/wp-content\\\/uploads\\\/2024\\\/07\\\/Wieczorne_Zwiedzanie_MFN.jpg\",\"articleSection\":[\"Aktualno\u015bci\"],\"inLanguage\":\"pl-PL\"},{\"@type\":\"WebPage\",\"@id\":\"https:\\\/\\\/muzeumfabrykinorblina.pl\\\/?p=2646\",\"url\":\"https:\\\/\\\/muzeumfabrykinorblina.pl\\\/?p=2646\",\"name\":\"Wieczorne Zwiedzanie w Muzeum Fabryki Norblina | Muzeum Fabryki Norblina\",\"isPartOf\":{\"@id\":\"https:\\\/\\\/muzeumfabrykinorblina.pl\\\/#website\"},\"primaryImageOfPage\":{\"@id\":\"https:\\\/\\\/muzeumfabrykinorblina.pl\\\/?p=2646#primaryimage\"},\"image\":{\"@id\":\"https:\\\/\\\/muzeumfabrykinorblina.pl\\\/?p=2646#primaryimage\"},\"thumbnailUrl\":\"https:\\\/\\\/muzeumfabrykinorblina.pl\\\/wp-content\\\/uploads\\\/2024\\\/07\\\/Wieczorne_Zwiedzanie_MFN.jpg\",\"datePublished\":\"2024-07-01T12:07:11+00:00\",\"dateModified\":\"2024-07-31T11:32:38+00:00\",\"breadcrumb\":{\"@id\":\"https:\\\/\\\/muzeumfabrykinorblina.pl\\\/?p=2646#breadcrumb\"},\"inLanguage\":\"pl-PL\",\"potentialAction\":[{\"@type\":\"ReadAction\",\"target\":[\"https:\\\/\\\/muzeumfabrykinorblina.pl\\\/?p=2646\"]}]},{\"@type\":\"ImageObject\",\"inLanguage\":\"pl-PL\",\"@id\":\"https:\\\/\\\/muzeumfabrykinorblina.pl\\\/?p=2646#primaryimage\",\"url\":\"https:\\\/\\\/muzeumfabrykinorblina.pl\\\/wp-content\\\/uploads\\\/2024\\\/07\\\/Wieczorne_Zwiedzanie_MFN.jpg\",\"contentUrl\":\"https:\\\/\\\/muzeumfabrykinorblina.pl\\\/wp-content\\\/uploads\\\/2024\\\/07\\\/Wieczorne_Zwiedzanie_MFN.jpg\",\"width\":1080,\"height\":1080},{\"@type\":\"BreadcrumbList\",\"@id\":\"https:\\\/\\\/muzeumfabrykinorblina.pl\\\/?p=2646#breadcrumb\",\"itemListElement\":[{\"@type\":\"ListItem\",\"position\":1,\"name\":\"Strona g\u0142\u00f3wna\",\"item\":\"https:\\\/\\\/muzeumfabrykinorblina.pl\\\/\"},{\"@type\":\"ListItem\",\"position\":2,\"name\":\"Wieczorne Zwiedzanie w Muzeum Fabryki Norblina\"}]},{\"@type\":\"WebSite\",\"@id\":\"https:\\\/\\\/muzeumfabrykinorblina.pl\\\/#website\",\"url\":\"https:\\\/\\\/muzeumfabrykinorblina.pl\\\/\",\"name\":\"Muzeum Fabryki Norblina\",\"description\":\"Fabryka Norblina\",\"publisher\":{\"@id\":\"https:\\\/\\\/muzeumfabrykinorblina.pl\\\/#organization\"},\"potentialAction\":[{\"@type\":\"SearchAction\",\"target\":{\"@type\":\"EntryPoint\",\"urlTemplate\":\"https:\\\/\\\/muzeumfabrykinorblina.pl\\\/?s={search_term_string}\"},\"query-input\":{\"@type\":\"PropertyValueSpecification\",\"valueRequired\":true,\"valueName\":\"search_term_string\"}}],\"inLanguage\":\"pl-PL\"},{\"@type\":\"Organization\",\"@id\":\"https:\\\/\\\/muzeumfabrykinorblina.pl\\\/#organization\",\"name\":\"Muzeum Fabryki Norblina\",\"url\":\"https:\\\/\\\/muzeumfabrykinorblina.pl\\\/\",\"logo\":{\"@type\":\"ImageObject\",\"inLanguage\":\"pl-PL\",\"@id\":\"https:\\\/\\\/muzeumfabrykinorblina.pl\\\/#\\\/schema\\\/logo\\\/image\\\/\",\"url\":\"https:\\\/\\\/muzeumfabrykinorblina.pl\\\/wp-content\\\/uploads\\\/2023\\\/11\\\/MFN_Featured-image_1200x675.jpg\",\"contentUrl\":\"https:\\\/\\\/muzeumfabrykinorblina.pl\\\/wp-content\\\/uploads\\\/2023\\\/11\\\/MFN_Featured-image_1200x675.jpg\",\"width\":1200,\"height\":675,\"caption\":\"Muzeum Fabryki Norblina\"},\"image\":{\"@id\":\"https:\\\/\\\/muzeumfabrykinorblina.pl\\\/#\\\/schema\\\/logo\\\/image\\\/\"},\"sameAs\":[\"https:\\\/\\\/www.facebook.com\\\/MuzeumFabrykiNorblina\",\"https:\\\/\\\/www.instagram.com\\\/muzeumfabrykinorblina\\\/\"]},{\"@type\":\"Person\",\"@id\":\"https:\\\/\\\/muzeumfabrykinorblina.pl\\\/#\\\/schema\\\/person\\\/4f1632ef79031887e0e24c4ea9d3472e\",\"name\":\"Agata Ilnicka\",\"image\":{\"@type\":\"ImageObject\",\"inLanguage\":\"pl-PL\",\"@id\":\"https:\\\/\\\/secure.gravatar.com\\\/avatar\\\/0c850e3cc969e3bec61971337ea044add4e3b6da745c50448fbab5c86b0b85d9?s=96&d=mm&r=g\",\"url\":\"https:\\\/\\\/secure.gravatar.com\\\/avatar\\\/0c850e3cc969e3bec61971337ea044add4e3b6da745c50448fbab5c86b0b85d9?s=96&d=mm&r=g\",\"contentUrl\":\"https:\\\/\\\/secure.gravatar.com\\\/avatar\\\/0c850e3cc969e3bec61971337ea044add4e3b6da745c50448fbab5c86b0b85d9?s=96&d=mm&r=g\",\"caption\":\"Agata Ilnicka\"},\"url\":\"https:\\\/\\\/muzeumfabrykinorblina.pl\\\/?author=9\"}]}<\/script>\n<!-- \/ Yoast SEO plugin. -->","yoast_head_json":{"title":"Wieczorne Zwiedzanie w Muzeum Fabryki Norblina | Muzeum Fabryki Norblina","robots":{"index":"index","follow":"follow","max-snippet":"max-snippet:-1","max-image-preview":"max-image-preview:large","max-video-preview":"max-video-preview:-1"},"canonical":"https:\/\/muzeumfabrykinorblina.pl\/?p=2646","og_locale":"pl_PL","og_type":"article","og_title":"Wieczorne Zwiedzanie w Muzeum Fabryki Norblina | Muzeum Fabryki Norblina","og_description":"Muzeum Fabryki Norblina zaprasza na niezwyk\u0142e wieczorne zwiedzanie \u2013 poznacie histori\u0119 przemys\u0142owej Warszawy i odkryjecie jej wsp\u00f3\u0142czesne oblicze. Wycieczka odb\u0119dzie si\u0119 \u015bcie\u017ck\u0105 \u201eFabryka w pigu\u0142ce\u201d po zmroku, dzi\u0119ki czemu uka\u017c\u0105 si\u0119 nowe elementy ekspozycji. Ta \u015bcie\u017cka obejmuje najwa\u017cniejsze i najciekawsze elementy z 4 g\u0142\u00f3wnych tras zwiedzania: Budynki i Architektura, Maszyny i Urz\u0105dzenia, Ludzie oraz Wyroby. [&hellip;]","og_url":"https:\/\/muzeumfabrykinorblina.pl\/?p=2646","og_site_name":"Muzeum Fabryki Norblina","article_publisher":"https:\/\/www.facebook.com\/MuzeumFabrykiNorblina","article_published_time":"2024-07-01T12:07:11+00:00","article_modified_time":"2024-07-31T11:32:38+00:00","og_image":[{"width":1080,"height":1080,"url":"https:\/\/muzeumfabrykinorblina.pl\/wp-content\/uploads\/2024\/07\/Wieczorne_Zwiedzanie_MFN.jpg","type":"image\/jpeg"}],"author":"Agata Ilnicka","twitter_card":"summary_large_image","twitter_misc":{"Napisane przez":"Agata Ilnicka","Szacowany czas czytania":"2 minuty"},"schema":{"@context":"https:\/\/schema.org","@graph":[{"@type":"Article","@id":"https:\/\/muzeumfabrykinorblina.pl\/?p=2646#article","isPartOf":{"@id":"https:\/\/muzeumfabrykinorblina.pl\/?p=2646"},"author":{"name":"Agata Ilnicka","@id":"https:\/\/muzeumfabrykinorblina.pl\/#\/schema\/person\/4f1632ef79031887e0e24c4ea9d3472e"},"headline":"Wieczorne Zwiedzanie w Muzeum Fabryki Norblina","datePublished":"2024-07-01T12:07:11+00:00","dateModified":"2024-07-31T11:32:38+00:00","mainEntityOfPage":{"@id":"https:\/\/muzeumfabrykinorblina.pl\/?p=2646"},"wordCount":233,"publisher":{"@id":"https:\/\/muzeumfabrykinorblina.pl\/#organization"},"image":{"@id":"https:\/\/muzeumfabrykinorblina.pl\/?p=2646#primaryimage"},"thumbnailUrl":"https:\/\/muzeumfabrykinorblina.pl\/wp-content\/uploads\/2024\/07\/Wieczorne_Zwiedzanie_MFN.jpg","articleSection":["Aktualno\u015bci"],"inLanguage":"pl-PL"},{"@type":"WebPage","@id":"https:\/\/muzeumfabrykinorblina.pl\/?p=2646","url":"https:\/\/muzeumfabrykinorblina.pl\/?p=2646","name":"Wieczorne Zwiedzanie w Muzeum Fabryki Norblina | Muzeum Fabryki Norblina","isPartOf":{"@id":"https:\/\/muzeumfabrykinorblina.pl\/#website"},"primaryImageOfPage":{"@id":"https:\/\/muzeumfabrykinorblina.pl\/?p=2646#primaryimage"},"image":{"@id":"https:\/\/muzeumfabrykinorblina.pl\/?p=2646#primaryimage"},"thumbnailUrl":"https:\/\/muzeumfabrykinorblina.pl\/wp-content\/uploads\/2024\/07\/Wieczorne_Zwiedzanie_MFN.jpg","datePublished":"2024-07-01T12:07:11+00:00","dateModified":"2024-07-31T11:32:38+00:00","breadcrumb":{"@id":"https:\/\/muzeumfabrykinorblina.pl\/?p=2646#breadcrumb"},"inLanguage":"pl-PL","potentialAction":[{"@type":"ReadAction","target":["https:\/\/muzeumfabrykinorblina.pl\/?p=2646"]}]},{"@type":"ImageObject","inLanguage":"pl-PL","@id":"https:\/\/muzeumfabrykinorblina.pl\/?p=2646#primaryimage","url":"https:\/\/muzeumfabrykinorblina.pl\/wp-content\/uploads\/2024\/07\/Wieczorne_Zwiedzanie_MFN.jpg","contentUrl":"https:\/\/muzeumfabrykinorblina.pl\/wp-content\/uploads\/2024\/07\/Wieczorne_Zwiedzanie_MFN.jpg","width":1080,"height":1080},{"@type":"BreadcrumbList","@id":"https:\/\/muzeumfabrykinorblina.pl\/?p=2646#breadcrumb","itemListElement":[{"@type":"ListItem","position":1,"name":"Strona g\u0142\u00f3wna","item":"https:\/\/muzeumfabrykinorblina.pl\/"},{"@type":"ListItem","position":2,"name":"Wieczorne Zwiedzanie w Muzeum Fabryki Norblina"}]},{"@type":"WebSite","@id":"https:\/\/muzeumfabrykinorblina.pl\/#website","url":"https:\/\/muzeumfabrykinorblina.pl\/","name":"Muzeum Fabryki Norblina","description":"Fabryka Norblina","publisher":{"@id":"https:\/\/muzeumfabrykinorblina.pl\/#organization"},"potentialAction":[{"@type":"SearchAction","target":{"@type":"EntryPoint","urlTemplate":"https:\/\/muzeumfabrykinorblina.pl\/?s={search_term_string}"},"query-input":{"@type":"PropertyValueSpecification","valueRequired":true,"valueName":"search_term_string"}}],"inLanguage":"pl-PL"},{"@type":"Organization","@id":"https:\/\/muzeumfabrykinorblina.pl\/#organization","name":"Muzeum Fabryki Norblina","url":"https:\/\/muzeumfabrykinorblina.pl\/","logo":{"@type":"ImageObject","inLanguage":"pl-PL","@id":"https:\/\/muzeumfabrykinorblina.pl\/#\/schema\/logo\/image\/","url":"https:\/\/muzeumfabrykinorblina.pl\/wp-content\/uploads\/2023\/11\/MFN_Featured-image_1200x675.jpg","contentUrl":"https:\/\/muzeumfabrykinorblina.pl\/wp-content\/uploads\/2023\/11\/MFN_Featured-image_1200x675.jpg","width":1200,"height":675,"caption":"Muzeum Fabryki Norblina"},"image":{"@id":"https:\/\/muzeumfabrykinorblina.pl\/#\/schema\/logo\/image\/"},"sameAs":["https:\/\/www.facebook.com\/MuzeumFabrykiNorblina","https:\/\/www.instagram.com\/muzeumfabrykinorblina\/"]},{"@type":"Person","@id":"https:\/\/muzeumfabrykinorblina.pl\/#\/schema\/person\/4f1632ef79031887e0e24c4ea9d3472e","name":"Agata Ilnicka","image":{"@type":"ImageObject","inLanguage":"pl-PL","@id":"https:\/\/secure.gravatar.com\/avatar\/0c850e3cc969e3bec61971337ea044add4e3b6da745c50448fbab5c86b0b85d9?s=96&d=mm&r=g","url":"https:\/\/secure.gravatar.com\/avatar\/0c850e3cc969e3bec61971337ea044add4e3b6da745c50448fbab5c86b0b85d9?s=96&d=mm&r=g","contentUrl":"https:\/\/secure.gravatar.com\/avatar\/0c850e3cc969e3bec61971337ea044add4e3b6da745c50448fbab5c86b0b85d9?s=96&d=mm&r=g","caption":"Agata Ilnicka"},"url":"https:\/\/muzeumfabrykinorblina.pl\/?author=9"}]}},"lang":"pl","translations":{"pl":2646},"builder_content":"","pll_sync_post":{},"_links":{"self":[{"href":"https:\/\/muzeumfabrykinorblina.pl\/index.php?rest_route=\/wp\/v2\/posts\/2646","targetHints":{"allow":["GET"]}}],"collection":[{"href":"https:\/\/muzeumfabrykinorblina.pl\/index.php?rest_route=\/wp\/v2\/posts"}],"about":[{"href":"https:\/\/muzeumfabrykinorblina.pl\/index.php?rest_route=\/wp\/v2\/types\/post"}],"author":[{"embeddable":true,"href":"https:\/\/muzeumfabrykinorblina.pl\/index.php?rest_route=\/wp\/v2\/users\/9"}],"replies":[{"embeddable":true,"href":"https:\/\/muzeumfabrykinorblina.pl\/index.php?rest_route=%2Fwp%2Fv2%2Fcomments&post=2646"}],"version-history":[{"count":0,"href":"https:\/\/muzeumfabrykinorblina.pl\/index.php?rest_route=\/wp\/v2\/posts\/2646\/revisions"}],"wp:featuredmedia":[{"embeddable":true,"href":"https:\/\/muzeumfabrykinorblina.pl\/index.php?rest_route=\/wp\/v2\/media\/2647"}],"wp:attachment":[{"href":"https:\/\/muzeumfabrykinorblina.pl\/index.php?rest_route=%2Fwp%2Fv2%2Fmedia&parent=2646"}],"wp:term":[{"taxonomy":"category","embeddable":true,"href":"https:\/\/muzeumfabrykinorblina.pl\/index.php?rest_route=%2Fwp%2Fv2%2Fcategories&post=2646"},{"taxonomy":"post_tag","embeddable":true,"href":"https:\/\/muzeumfabrykinorblina.pl\/index.php?rest_route=%2Fwp%2Fv2%2Ftags&post=2646"}],"curies":[{"name":"wp","href":"https:\/\/api.w.org\/{rel}","templated":true}]}}