{"id":2418,"date":"2024-06-12T14:55:57","date_gmt":"2024-06-12T14:55:57","guid":{"rendered":"https:\/\/muzeumfabrykinorblina.pl\/?p=2418"},"modified":"2025-05-19T12:52:43","modified_gmt":"2025-05-19T12:52:43","slug":"piknik-rowerowy-maj-z-muzeum-fabryki-norblina","status":"publish","type":"post","link":"https:\/\/muzeumfabrykinorblina.pl\/?p=2418","title":{"rendered":"Piknik Rowerowy Maj z Muzeum Fabryki Norblina"},"content":{"rendered":"\n<p class=\"wp-block-paragraph\">Zapraszamy wszystkich mi\u0142o\u015bnik\u00f3w historii i aktywnego wypoczynku na piknik podsumowuj\u0105cy akcj\u0119 Rowerowy Maj! Jako dumny partner tegorocznej edycji, Muzeum Fabryki Norblina przygotowa\u0142o dla Was mn\u00f3stwo atrakcji, kt\u00f3re umil\u0105 czas sp\u0119dzony na \u015bwie\u017cym powietrzu&nbsp;i pozwol\u0105 pozna\u0107 niesamowit\u0105 \u2013 ponad 240-letni\u0105 \u2013 histori\u0119 Fabryki Norblina.<\/p>\n\n\n\n<p class=\"wp-block-paragraph\">Piknik rozpocznie si\u0119 w Parku Br\u00f3dnowskim na Targ\u00f3wku w niedziel\u0119, 16 czerwca o godz. 13:00 i potrwa a\u017c do 18:00. B\u0119dzie doskona\u0142\u0105 okazj\u0105, by cieszy\u0107 si\u0119 dniem pe\u0142nym s\u0142o\u0144ca, dobrej energii i pozytywnych emocji. Nasze stoisko b\u0119dzie miejscem, w kt\u00f3rym ka\u017cdy znajdzie co\u015b dla siebie \u2013 od gier i zabaw edukacyjnych dla dzieci, przez zagadki historyczne, po konkursy z nagrodami,&nbsp;a tak\u017ce spotkanie z dawnymi w\u0142a\u015bcicielami Fabryki Norblina, w kt\u00f3rych wciel\u0105 si\u0119 nasi przewodnicy.<\/p>\n\n\n\n<p class=\"wp-block-paragraph\">Rowerowy Maj to nie tylko okazja do \u015bwietnej zabawy, ale tak\u017ce moment, aby nauczy\u0107 si\u0119 czego\u015b nowego o zr\u00f3wnowa\u017conej mobilno\u015bci i promowa\u0107 zdrowy styl \u017cycia. Wsp\u00f3lnie zmieniamy nasze miasto na lepsze, tworz\u0105c przestrze\u0144 przyjazn\u0105 dla rowerzyst\u00f3w i pieszych, dlatego zach\u0119camy do zabrania ze sob\u0105 rower\u00f3w, hulajn\u00f3g, rolek czy deskorolek i do\u0142\u0105czenia do nas w tej radosnej celebracji aktywno\u015bci na \u015bwie\u017cym powietrzu.&nbsp;<\/p>\n\n\n\n<p class=\"wp-block-paragraph\">Zapraszamy do wzi\u0119cia udzia\u0142u w pikniku i wsp\u00f3lnego \u015bwi\u0119towania sukces\u00f3w kolejnego ju\u017c Rowerowego Maja!<\/p>\n\n\n\n<p class=\"wp-block-paragraph\"><strong>O akcji Rowerowy Maj<\/strong><\/p>\n\n\n\n<p class=\"wp-block-paragraph\">Rowerowy Maj to najwi\u0119ksza w Polsce kampania promuj\u0105ca zdrowy tryb \u017cycia i zr\u00f3wnowa\u017con\u0105 mobilno\u015b\u0107. Skupia si\u0119 na najm\u0142odszych \u2013 przedszkolakach i uczniach szk\u00f3\u0142 podstawowych, ale r\u00f3wnie\u017c na nauczycielach, rodzicach i opiekunach. Kampania zach\u0119ca do aktywnego dojazdu do szko\u0142y i przedszkola, promuje zdrowe nawyki i wp\u0142ywa na bezpiecze\u0144stwo w okolicach plac\u00f3wek edukacyjnych.<\/p>\n\n\n\n<p class=\"wp-block-paragraph\">Co roku w maju, ka\u017cdy uczestnik, kt\u00f3ry dotrze do szko\u0142y aktywnie, zbiera naklejki do rowerowego dzienniczka. Najaktywniejsi mog\u0105 liczy\u0107 na atrakcyjne nagrody. To doskona\u0142a okazja, aby wprowadzi\u0107 zmiany w naszym codziennym \u017cyciu i pokaza\u0107, \u017ce drobne kroki mog\u0105 mie\u0107 wielkie znaczenie dla naszego zdrowia i \u015brodowiska.<\/p>\n\n\n\n<p class=\"wp-block-paragraph\"><\/p>\n\n\n<!-- wp:themify-builder\/canvas \/-->","protected":false},"excerpt":{"rendered":"<p>Zapraszamy wszystkich mi\u0142o\u015bnik\u00f3w historii i aktywnego wypoczynku na piknik podsumowuj\u0105cy akcj\u0119 Rowerowy Maj! Jako dumny partner tegorocznej edycji, Muzeum Fabryki Norblina przygotowa\u0142o dla Was mn\u00f3stwo atrakcji, kt\u00f3re umil\u0105 czas sp\u0119dzony na \u015bwie\u017cym powietrzu&nbsp;i pozwol\u0105 pozna\u0107 niesamowit\u0105 \u2013 ponad 240-letni\u0105 \u2013 histori\u0119 Fabryki Norblina. Piknik rozpocznie si\u0119 w Parku Br\u00f3dnowskim na Targ\u00f3wku w niedziel\u0119, 16 czerwca [&hellip;]<\/p>\n","protected":false},"author":9,"featured_media":2419,"comment_status":"closed","ping_status":"closed","sticky":false,"template":"","format":"standard","meta":{"_acf_changed":false,"_monsterinsights_skip_tracking":false,"footnotes":""},"categories":[29],"tags":[],"class_list":["post-2418","post","type-post","status-publish","format-standard","has-post-thumbnail","hentry","category-aktualnosci","has-post-title","has-post-date","has-post-category","has-post-tag","has-post-comment","has-post-author",""],"acf":[],"yoast_head":"<!-- This site is optimized with the Yoast SEO plugin v28.2 - https:\/\/yoast.com\/product\/yoast-seo-wordpress\/ -->\n<title>Piknik Rowerowy Maj z Muzeum Fabryki Norblina | Muzeum Fabryki Norblina<\/title>\n<meta name=\"robots\" content=\"index, follow, max-snippet:-1, max-image-preview:large, max-video-preview:-1\" \/>\n<link rel=\"canonical\" href=\"https:\/\/muzeumfabrykinorblina.pl\/?p=2418\" \/>\n<meta property=\"og:locale\" content=\"pl_PL\" \/>\n<meta property=\"og:type\" content=\"article\" \/>\n<meta property=\"og:title\" content=\"Piknik Rowerowy Maj z Muzeum Fabryki Norblina | Muzeum Fabryki Norblina\" \/>\n<meta property=\"og:description\" content=\"Zapraszamy wszystkich mi\u0142o\u015bnik\u00f3w historii i aktywnego wypoczynku na piknik podsumowuj\u0105cy akcj\u0119 Rowerowy Maj! Jako dumny partner tegorocznej edycji, Muzeum Fabryki Norblina przygotowa\u0142o dla Was mn\u00f3stwo atrakcji, kt\u00f3re umil\u0105 czas sp\u0119dzony na \u015bwie\u017cym powietrzu&nbsp;i pozwol\u0105 pozna\u0107 niesamowit\u0105 \u2013 ponad 240-letni\u0105 \u2013 histori\u0119 Fabryki Norblina. Piknik rozpocznie si\u0119 w Parku Br\u00f3dnowskim na Targ\u00f3wku w niedziel\u0119, 16 czerwca [&hellip;]\" \/>\n<meta property=\"og:url\" content=\"https:\/\/muzeumfabrykinorblina.pl\/?p=2418\" \/>\n<meta property=\"og:site_name\" content=\"Muzeum Fabryki Norblina\" \/>\n<meta property=\"article:publisher\" content=\"https:\/\/www.facebook.com\/MuzeumFabrykiNorblina\" \/>\n<meta property=\"article:published_time\" content=\"2024-06-12T14:55:57+00:00\" \/>\n<meta property=\"article:modified_time\" content=\"2025-05-19T12:52:43+00:00\" \/>\n<meta property=\"og:image\" content=\"https:\/\/muzeumfabrykinorblina.pl\/wp-content\/uploads\/2024\/06\/Rowerowy_Maj_MFN.jpg\" \/>\n\t<meta property=\"og:image:width\" content=\"1080\" \/>\n\t<meta property=\"og:image:height\" content=\"1080\" \/>\n\t<meta property=\"og:image:type\" content=\"image\/jpeg\" \/>\n<meta name=\"author\" content=\"Agata Ilnicka\" \/>\n<meta name=\"twitter:card\" content=\"summary_large_image\" \/>\n<meta name=\"twitter:label1\" content=\"Napisane przez\" \/>\n\t<meta name=\"twitter:data1\" content=\"Agata Ilnicka\" \/>\n\t<meta name=\"twitter:label2\" content=\"Szacowany czas czytania\" \/>\n\t<meta name=\"twitter:data2\" content=\"2 minuty\" \/>\n<script type=\"application\/ld+json\" class=\"yoast-schema-graph\">{\"@context\":\"https:\\\/\\\/schema.org\",\"@graph\":[{\"@type\":\"Article\",\"@id\":\"https:\\\/\\\/muzeumfabrykinorblina.pl\\\/?p=2418#article\",\"isPartOf\":{\"@id\":\"https:\\\/\\\/muzeumfabrykinorblina.pl\\\/?p=2418\"},\"author\":{\"name\":\"Agata Ilnicka\",\"@id\":\"https:\\\/\\\/muzeumfabrykinorblina.pl\\\/#\\\/schema\\\/person\\\/4f1632ef79031887e0e24c4ea9d3472e\"},\"headline\":\"Piknik Rowerowy Maj z Muzeum Fabryki Norblina\",\"datePublished\":\"2024-06-12T14:55:57+00:00\",\"dateModified\":\"2025-05-19T12:52:43+00:00\",\"mainEntityOfPage\":{\"@id\":\"https:\\\/\\\/muzeumfabrykinorblina.pl\\\/?p=2418\"},\"wordCount\":352,\"publisher\":{\"@id\":\"https:\\\/\\\/muzeumfabrykinorblina.pl\\\/#organization\"},\"image\":{\"@id\":\"https:\\\/\\\/muzeumfabrykinorblina.pl\\\/?p=2418#primaryimage\"},\"thumbnailUrl\":\"https:\\\/\\\/muzeumfabrykinorblina.pl\\\/wp-content\\\/uploads\\\/2024\\\/06\\\/Rowerowy_Maj_MFN.jpg\",\"articleSection\":[\"Aktualno\u015bci\"],\"inLanguage\":\"pl-PL\"},{\"@type\":\"WebPage\",\"@id\":\"https:\\\/\\\/muzeumfabrykinorblina.pl\\\/?p=2418\",\"url\":\"https:\\\/\\\/muzeumfabrykinorblina.pl\\\/?p=2418\",\"name\":\"Piknik Rowerowy Maj z Muzeum Fabryki Norblina | Muzeum Fabryki Norblina\",\"isPartOf\":{\"@id\":\"https:\\\/\\\/muzeumfabrykinorblina.pl\\\/#website\"},\"primaryImageOfPage\":{\"@id\":\"https:\\\/\\\/muzeumfabrykinorblina.pl\\\/?p=2418#primaryimage\"},\"image\":{\"@id\":\"https:\\\/\\\/muzeumfabrykinorblina.pl\\\/?p=2418#primaryimage\"},\"thumbnailUrl\":\"https:\\\/\\\/muzeumfabrykinorblina.pl\\\/wp-content\\\/uploads\\\/2024\\\/06\\\/Rowerowy_Maj_MFN.jpg\",\"datePublished\":\"2024-06-12T14:55:57+00:00\",\"dateModified\":\"2025-05-19T12:52:43+00:00\",\"breadcrumb\":{\"@id\":\"https:\\\/\\\/muzeumfabrykinorblina.pl\\\/?p=2418#breadcrumb\"},\"inLanguage\":\"pl-PL\",\"potentialAction\":[{\"@type\":\"ReadAction\",\"target\":[\"https:\\\/\\\/muzeumfabrykinorblina.pl\\\/?p=2418\"]}]},{\"@type\":\"ImageObject\",\"inLanguage\":\"pl-PL\",\"@id\":\"https:\\\/\\\/muzeumfabrykinorblina.pl\\\/?p=2418#primaryimage\",\"url\":\"https:\\\/\\\/muzeumfabrykinorblina.pl\\\/wp-content\\\/uploads\\\/2024\\\/06\\\/Rowerowy_Maj_MFN.jpg\",\"contentUrl\":\"https:\\\/\\\/muzeumfabrykinorblina.pl\\\/wp-content\\\/uploads\\\/2024\\\/06\\\/Rowerowy_Maj_MFN.jpg\",\"width\":1080,\"height\":1080},{\"@type\":\"BreadcrumbList\",\"@id\":\"https:\\\/\\\/muzeumfabrykinorblina.pl\\\/?p=2418#breadcrumb\",\"itemListElement\":[{\"@type\":\"ListItem\",\"position\":1,\"name\":\"Strona g\u0142\u00f3wna\",\"item\":\"https:\\\/\\\/muzeumfabrykinorblina.pl\\\/\"},{\"@type\":\"ListItem\",\"position\":2,\"name\":\"Piknik Rowerowy Maj z Muzeum Fabryki Norblina\"}]},{\"@type\":\"WebSite\",\"@id\":\"https:\\\/\\\/muzeumfabrykinorblina.pl\\\/#website\",\"url\":\"https:\\\/\\\/muzeumfabrykinorblina.pl\\\/\",\"name\":\"Muzeum Fabryki Norblina\",\"description\":\"Fabryka Norblina\",\"publisher\":{\"@id\":\"https:\\\/\\\/muzeumfabrykinorblina.pl\\\/#organization\"},\"potentialAction\":[{\"@type\":\"SearchAction\",\"target\":{\"@type\":\"EntryPoint\",\"urlTemplate\":\"https:\\\/\\\/muzeumfabrykinorblina.pl\\\/?s={search_term_string}\"},\"query-input\":{\"@type\":\"PropertyValueSpecification\",\"valueRequired\":true,\"valueName\":\"search_term_string\"}}],\"inLanguage\":\"pl-PL\"},{\"@type\":\"Organization\",\"@id\":\"https:\\\/\\\/muzeumfabrykinorblina.pl\\\/#organization\",\"name\":\"Muzeum Fabryki Norblina\",\"url\":\"https:\\\/\\\/muzeumfabrykinorblina.pl\\\/\",\"logo\":{\"@type\":\"ImageObject\",\"inLanguage\":\"pl-PL\",\"@id\":\"https:\\\/\\\/muzeumfabrykinorblina.pl\\\/#\\\/schema\\\/logo\\\/image\\\/\",\"url\":\"https:\\\/\\\/muzeumfabrykinorblina.pl\\\/wp-content\\\/uploads\\\/2023\\\/11\\\/MFN_Featured-image_1200x675.jpg\",\"contentUrl\":\"https:\\\/\\\/muzeumfabrykinorblina.pl\\\/wp-content\\\/uploads\\\/2023\\\/11\\\/MFN_Featured-image_1200x675.jpg\",\"width\":1200,\"height\":675,\"caption\":\"Muzeum Fabryki Norblina\"},\"image\":{\"@id\":\"https:\\\/\\\/muzeumfabrykinorblina.pl\\\/#\\\/schema\\\/logo\\\/image\\\/\"},\"sameAs\":[\"https:\\\/\\\/www.facebook.com\\\/MuzeumFabrykiNorblina\",\"https:\\\/\\\/www.instagram.com\\\/muzeumfabrykinorblina\\\/\"]},{\"@type\":\"Person\",\"@id\":\"https:\\\/\\\/muzeumfabrykinorblina.pl\\\/#\\\/schema\\\/person\\\/4f1632ef79031887e0e24c4ea9d3472e\",\"name\":\"Agata Ilnicka\",\"image\":{\"@type\":\"ImageObject\",\"inLanguage\":\"pl-PL\",\"@id\":\"https:\\\/\\\/secure.gravatar.com\\\/avatar\\\/0c850e3cc969e3bec61971337ea044add4e3b6da745c50448fbab5c86b0b85d9?s=96&d=mm&r=g\",\"url\":\"https:\\\/\\\/secure.gravatar.com\\\/avatar\\\/0c850e3cc969e3bec61971337ea044add4e3b6da745c50448fbab5c86b0b85d9?s=96&d=mm&r=g\",\"contentUrl\":\"https:\\\/\\\/secure.gravatar.com\\\/avatar\\\/0c850e3cc969e3bec61971337ea044add4e3b6da745c50448fbab5c86b0b85d9?s=96&d=mm&r=g\",\"caption\":\"Agata Ilnicka\"},\"url\":\"https:\\\/\\\/muzeumfabrykinorblina.pl\\\/?author=9\"}]}<\/script>\n<!-- \/ Yoast SEO plugin. -->","yoast_head_json":{"title":"Piknik Rowerowy Maj z Muzeum Fabryki Norblina | Muzeum Fabryki Norblina","robots":{"index":"index","follow":"follow","max-snippet":"max-snippet:-1","max-image-preview":"max-image-preview:large","max-video-preview":"max-video-preview:-1"},"canonical":"https:\/\/muzeumfabrykinorblina.pl\/?p=2418","og_locale":"pl_PL","og_type":"article","og_title":"Piknik Rowerowy Maj z Muzeum Fabryki Norblina | Muzeum Fabryki Norblina","og_description":"Zapraszamy wszystkich mi\u0142o\u015bnik\u00f3w historii i aktywnego wypoczynku na piknik podsumowuj\u0105cy akcj\u0119 Rowerowy Maj! Jako dumny partner tegorocznej edycji, Muzeum Fabryki Norblina przygotowa\u0142o dla Was mn\u00f3stwo atrakcji, kt\u00f3re umil\u0105 czas sp\u0119dzony na \u015bwie\u017cym powietrzu&nbsp;i pozwol\u0105 pozna\u0107 niesamowit\u0105 \u2013 ponad 240-letni\u0105 \u2013 histori\u0119 Fabryki Norblina. Piknik rozpocznie si\u0119 w Parku Br\u00f3dnowskim na Targ\u00f3wku w niedziel\u0119, 16 czerwca [&hellip;]","og_url":"https:\/\/muzeumfabrykinorblina.pl\/?p=2418","og_site_name":"Muzeum Fabryki Norblina","article_publisher":"https:\/\/www.facebook.com\/MuzeumFabrykiNorblina","article_published_time":"2024-06-12T14:55:57+00:00","article_modified_time":"2025-05-19T12:52:43+00:00","og_image":[{"width":1080,"height":1080,"url":"https:\/\/muzeumfabrykinorblina.pl\/wp-content\/uploads\/2024\/06\/Rowerowy_Maj_MFN.jpg","type":"image\/jpeg"}],"author":"Agata Ilnicka","twitter_card":"summary_large_image","twitter_misc":{"Napisane przez":"Agata Ilnicka","Szacowany czas czytania":"2 minuty"},"schema":{"@context":"https:\/\/schema.org","@graph":[{"@type":"Article","@id":"https:\/\/muzeumfabrykinorblina.pl\/?p=2418#article","isPartOf":{"@id":"https:\/\/muzeumfabrykinorblina.pl\/?p=2418"},"author":{"name":"Agata Ilnicka","@id":"https:\/\/muzeumfabrykinorblina.pl\/#\/schema\/person\/4f1632ef79031887e0e24c4ea9d3472e"},"headline":"Piknik Rowerowy Maj z Muzeum Fabryki Norblina","datePublished":"2024-06-12T14:55:57+00:00","dateModified":"2025-05-19T12:52:43+00:00","mainEntityOfPage":{"@id":"https:\/\/muzeumfabrykinorblina.pl\/?p=2418"},"wordCount":352,"publisher":{"@id":"https:\/\/muzeumfabrykinorblina.pl\/#organization"},"image":{"@id":"https:\/\/muzeumfabrykinorblina.pl\/?p=2418#primaryimage"},"thumbnailUrl":"https:\/\/muzeumfabrykinorblina.pl\/wp-content\/uploads\/2024\/06\/Rowerowy_Maj_MFN.jpg","articleSection":["Aktualno\u015bci"],"inLanguage":"pl-PL"},{"@type":"WebPage","@id":"https:\/\/muzeumfabrykinorblina.pl\/?p=2418","url":"https:\/\/muzeumfabrykinorblina.pl\/?p=2418","name":"Piknik Rowerowy Maj z Muzeum Fabryki Norblina | Muzeum Fabryki Norblina","isPartOf":{"@id":"https:\/\/muzeumfabrykinorblina.pl\/#website"},"primaryImageOfPage":{"@id":"https:\/\/muzeumfabrykinorblina.pl\/?p=2418#primaryimage"},"image":{"@id":"https:\/\/muzeumfabrykinorblina.pl\/?p=2418#primaryimage"},"thumbnailUrl":"https:\/\/muzeumfabrykinorblina.pl\/wp-content\/uploads\/2024\/06\/Rowerowy_Maj_MFN.jpg","datePublished":"2024-06-12T14:55:57+00:00","dateModified":"2025-05-19T12:52:43+00:00","breadcrumb":{"@id":"https:\/\/muzeumfabrykinorblina.pl\/?p=2418#breadcrumb"},"inLanguage":"pl-PL","potentialAction":[{"@type":"ReadAction","target":["https:\/\/muzeumfabrykinorblina.pl\/?p=2418"]}]},{"@type":"ImageObject","inLanguage":"pl-PL","@id":"https:\/\/muzeumfabrykinorblina.pl\/?p=2418#primaryimage","url":"https:\/\/muzeumfabrykinorblina.pl\/wp-content\/uploads\/2024\/06\/Rowerowy_Maj_MFN.jpg","contentUrl":"https:\/\/muzeumfabrykinorblina.pl\/wp-content\/uploads\/2024\/06\/Rowerowy_Maj_MFN.jpg","width":1080,"height":1080},{"@type":"BreadcrumbList","@id":"https:\/\/muzeumfabrykinorblina.pl\/?p=2418#breadcrumb","itemListElement":[{"@type":"ListItem","position":1,"name":"Strona g\u0142\u00f3wna","item":"https:\/\/muzeumfabrykinorblina.pl\/"},{"@type":"ListItem","position":2,"name":"Piknik Rowerowy Maj z Muzeum Fabryki Norblina"}]},{"@type":"WebSite","@id":"https:\/\/muzeumfabrykinorblina.pl\/#website","url":"https:\/\/muzeumfabrykinorblina.pl\/","name":"Muzeum Fabryki Norblina","description":"Fabryka Norblina","publisher":{"@id":"https:\/\/muzeumfabrykinorblina.pl\/#organization"},"potentialAction":[{"@type":"SearchAction","target":{"@type":"EntryPoint","urlTemplate":"https:\/\/muzeumfabrykinorblina.pl\/?s={search_term_string}"},"query-input":{"@type":"PropertyValueSpecification","valueRequired":true,"valueName":"search_term_string"}}],"inLanguage":"pl-PL"},{"@type":"Organization","@id":"https:\/\/muzeumfabrykinorblina.pl\/#organization","name":"Muzeum Fabryki Norblina","url":"https:\/\/muzeumfabrykinorblina.pl\/","logo":{"@type":"ImageObject","inLanguage":"pl-PL","@id":"https:\/\/muzeumfabrykinorblina.pl\/#\/schema\/logo\/image\/","url":"https:\/\/muzeumfabrykinorblina.pl\/wp-content\/uploads\/2023\/11\/MFN_Featured-image_1200x675.jpg","contentUrl":"https:\/\/muzeumfabrykinorblina.pl\/wp-content\/uploads\/2023\/11\/MFN_Featured-image_1200x675.jpg","width":1200,"height":675,"caption":"Muzeum Fabryki Norblina"},"image":{"@id":"https:\/\/muzeumfabrykinorblina.pl\/#\/schema\/logo\/image\/"},"sameAs":["https:\/\/www.facebook.com\/MuzeumFabrykiNorblina","https:\/\/www.instagram.com\/muzeumfabrykinorblina\/"]},{"@type":"Person","@id":"https:\/\/muzeumfabrykinorblina.pl\/#\/schema\/person\/4f1632ef79031887e0e24c4ea9d3472e","name":"Agata Ilnicka","image":{"@type":"ImageObject","inLanguage":"pl-PL","@id":"https:\/\/secure.gravatar.com\/avatar\/0c850e3cc969e3bec61971337ea044add4e3b6da745c50448fbab5c86b0b85d9?s=96&d=mm&r=g","url":"https:\/\/secure.gravatar.com\/avatar\/0c850e3cc969e3bec61971337ea044add4e3b6da745c50448fbab5c86b0b85d9?s=96&d=mm&r=g","contentUrl":"https:\/\/secure.gravatar.com\/avatar\/0c850e3cc969e3bec61971337ea044add4e3b6da745c50448fbab5c86b0b85d9?s=96&d=mm&r=g","caption":"Agata Ilnicka"},"url":"https:\/\/muzeumfabrykinorblina.pl\/?author=9"}]}},"lang":"pl","translations":{"pl":2418},"builder_content":"","pll_sync_post":{},"_links":{"self":[{"href":"https:\/\/muzeumfabrykinorblina.pl\/index.php?rest_route=\/wp\/v2\/posts\/2418","targetHints":{"allow":["GET"]}}],"collection":[{"href":"https:\/\/muzeumfabrykinorblina.pl\/index.php?rest_route=\/wp\/v2\/posts"}],"about":[{"href":"https:\/\/muzeumfabrykinorblina.pl\/index.php?rest_route=\/wp\/v2\/types\/post"}],"author":[{"embeddable":true,"href":"https:\/\/muzeumfabrykinorblina.pl\/index.php?rest_route=\/wp\/v2\/users\/9"}],"replies":[{"embeddable":true,"href":"https:\/\/muzeumfabrykinorblina.pl\/index.php?rest_route=%2Fwp%2Fv2%2Fcomments&post=2418"}],"version-history":[{"count":0,"href":"https:\/\/muzeumfabrykinorblina.pl\/index.php?rest_route=\/wp\/v2\/posts\/2418\/revisions"}],"wp:featuredmedia":[{"embeddable":true,"href":"https:\/\/muzeumfabrykinorblina.pl\/index.php?rest_route=\/wp\/v2\/media\/2419"}],"wp:attachment":[{"href":"https:\/\/muzeumfabrykinorblina.pl\/index.php?rest_route=%2Fwp%2Fv2%2Fmedia&parent=2418"}],"wp:term":[{"taxonomy":"category","embeddable":true,"href":"https:\/\/muzeumfabrykinorblina.pl\/index.php?rest_route=%2Fwp%2Fv2%2Fcategories&post=2418"},{"taxonomy":"post_tag","embeddable":true,"href":"https:\/\/muzeumfabrykinorblina.pl\/index.php?rest_route=%2Fwp%2Fv2%2Ftags&post=2418"}],"curies":[{"name":"wp","href":"https:\/\/api.w.org\/{rel}","templated":true}]}}