{"id":2322,"date":"2024-05-14T11:44:21","date_gmt":"2024-05-14T11:44:21","guid":{"rendered":"https:\/\/muzeumfabrykinorblina.pl\/?p=2322"},"modified":"2024-05-16T08:53:47","modified_gmt":"2024-05-16T08:53:47","slug":"noc-muzeow-juz-w-sobote","status":"publish","type":"post","link":"https:\/\/muzeumfabrykinorblina.pl\/?p=2322","title":{"rendered":"Noc Muze\u00f3w ju\u017c w sobot\u0119!"},"content":{"rendered":"\n<p class=\"wp-block-paragraph\">W ramach tegorocznej imprezy zapraszamy do zwiedzania naszej ekspozycji.&nbsp;Na 2 ha pofabrycznych teren\u00f3w w sercu warszawskiej Woli znajduje si\u0119 10 zabytkowych budynk\u00f3w, 50 maszyn i urz\u0105dze\u0144, a tak\u017ce kolekcja ponad 400 plater\u00f3w. W tle za\u015b znamienite rodziny, kt\u00f3re doprowadzi\u0142y do \u015bwietno\u015bci dawnych zak\u0142ad\u00f3w przy ulicy \u017belaznej. Przez 240 lat historii fabryki zwiedzaj\u0105cych przeprowadzi\u0107 mo\u017ce&nbsp;<strong>przewodnik lub bezp\u0142atna aplikacja.<\/strong>&nbsp;Grupy startowa\u0107 b\u0119d\u0105 od 18:00 co 20 minut \u2013 a\u017c do p\u00f3\u0142nocy. Punktem startowym wycieczek jest dawna Namiarownia na poziomie 0 w budynku Plater.<\/p>\n\n\n\n<p class=\"wp-block-paragraph\">Kolejn\u0105 atrakcj\u0105 sobotniego wieczoru b\u0119dzie&nbsp;<strong>mo\u017cliwo\u015b\u0107 obejrzenia wyj\u0105tkowej wystawy&nbsp;<\/strong><strong>\u201eStefan Norblin \u2013 artysta plakatu\u201d.&nbsp;<\/strong>Prezentowana kolekcja obejmuje 24 przyk\u0142ady tw\u00f3rczo\u015bci Stefana Norblina \u2013 jednego z najbardziej prominentnych artyst\u00f3w II Rzeczypospolitej<strong>.&nbsp;<\/strong>Plakaty, kt\u00f3re podziwia\u0107 mo\u017cna w budynku Plater na poziomie +1, powsta\u0142y w latach 20. i 30. XX wieku w Warszawie.<\/p>\n\n\n\n<p class=\"wp-block-paragraph\">W tym roku po\u0142\u0105czyli\u015bmy si\u0142y z Muzeum Gazowni Warszawskiej i Stacja Muzeum, dlatego&nbsp;b\u0119dzie kursowa\u0107 mi\u0119dzy nimi dodatkowy transport \u2013 stary i lubiany \u2013 specjalnie oznakowany \u2013 Ikarus, kt\u00f3ry u\u0142atwi Wam przemieszczanie si\u0119 mi\u0119dzy plac\u00f3wkami. Autobus b\u0119dzie zatacza\u0142 p\u0119tle na trasie:&nbsp;<strong>Muzeum Fabryki Norblina \u2013&nbsp;Muzeum Gazowni Warszawskiej \u2013 Stacja Muzeum &#8211; Muzeum Fabryki Norblina,&nbsp;<\/strong>a przewodnik kr\u00f3tko wprowadzi Was w temat ka\u017cdego z trzech odwiedzanych miejsc.<\/p>\n\n\n\n<p class=\"wp-block-paragraph\"><strong>Harmonogram Nocy Muze\u00f3w w Fabryce Norblina:<\/strong><\/p>\n\n\n\n<p class=\"wp-block-paragraph\">Muzeum Fabryki Norblina (Namiarownia, poziom 0, budynek Plater)<\/p>\n\n\n\n<p class=\"wp-block-paragraph\">Wycieczki z przewodnikami:<\/p>\n\n\n\n<p class=\"wp-block-paragraph\">18:00, 18:20, 18:40<br>19:00, 19:20, 19:40<br>20:00, 20:20, 20:40<br>21:00, 21:20, 21:40<br>22:00, 22:20, 22:40<br>23:00, 23:20, 23:40, 24:00<\/p>\n\n\n\n<p class=\"wp-block-paragraph\">Rozk\u0142ad jazdy autobusu Ikarus:<\/p>\n\n\n\n<p class=\"wp-block-paragraph\">Muzeum Fabryki Norblina (Norblin 02):&nbsp;19:00, 20:30, 22:00, 23:30<br>Muzeum Gazowni Warszawskiej (Krzy\u017canowskiego 01): 19:30, 21:00, 22:30, 00:00<br>Stacja Muzeum (Zawiszy 11): 20:00, 21:30, 23:00, 00:30<\/p>\n\n\n<!-- wp:themify-builder\/canvas \/-->","protected":false},"excerpt":{"rendered":"<p>W ramach tegorocznej imprezy zapraszamy do zwiedzania naszej ekspozycji.&nbsp;Na 2 ha pofabrycznych teren\u00f3w w sercu warszawskiej Woli znajduje si\u0119 10 zabytkowych budynk\u00f3w, 50 maszyn i urz\u0105dze\u0144, a tak\u017ce kolekcja ponad 400 plater\u00f3w. W tle za\u015b znamienite rodziny, kt\u00f3re doprowadzi\u0142y do \u015bwietno\u015bci dawnych zak\u0142ad\u00f3w przy ulicy \u017belaznej. Przez 240 lat historii fabryki zwiedzaj\u0105cych przeprowadzi\u0107 mo\u017ce&nbsp;przewodnik lub [&hellip;]<\/p>\n","protected":false},"author":8,"featured_media":2325,"comment_status":"closed","ping_status":"closed","sticky":false,"template":"","format":"standard","meta":{"_acf_changed":false,"_monsterinsights_skip_tracking":false,"footnotes":""},"categories":[29],"tags":[],"class_list":["post-2322","post","type-post","status-publish","format-standard","has-post-thumbnail","hentry","category-aktualnosci","has-post-title","has-post-date","has-post-category","has-post-tag","has-post-comment","has-post-author",""],"acf":[],"yoast_head":"<!-- This site is optimized with the Yoast SEO plugin v28.2 - https:\/\/yoast.com\/product\/yoast-seo-wordpress\/ -->\n<title>Noc Muze\u00f3w ju\u017c w sobot\u0119! | Muzeum Fabryki Norblina<\/title>\n<meta name=\"robots\" content=\"index, follow, max-snippet:-1, max-image-preview:large, max-video-preview:-1\" \/>\n<link rel=\"canonical\" href=\"https:\/\/muzeumfabrykinorblina.pl\/?p=2322\" \/>\n<meta property=\"og:locale\" content=\"pl_PL\" \/>\n<meta property=\"og:type\" content=\"article\" \/>\n<meta property=\"og:title\" content=\"Noc Muze\u00f3w ju\u017c w sobot\u0119! | Muzeum Fabryki Norblina\" \/>\n<meta property=\"og:description\" content=\"W ramach tegorocznej imprezy zapraszamy do zwiedzania naszej ekspozycji.&nbsp;Na 2 ha pofabrycznych teren\u00f3w w sercu warszawskiej Woli znajduje si\u0119 10 zabytkowych budynk\u00f3w, 50 maszyn i urz\u0105dze\u0144, a tak\u017ce kolekcja ponad 400 plater\u00f3w. W tle za\u015b znamienite rodziny, kt\u00f3re doprowadzi\u0142y do \u015bwietno\u015bci dawnych zak\u0142ad\u00f3w przy ulicy \u017belaznej. Przez 240 lat historii fabryki zwiedzaj\u0105cych przeprowadzi\u0107 mo\u017ce&nbsp;przewodnik lub [&hellip;]\" \/>\n<meta property=\"og:url\" content=\"https:\/\/muzeumfabrykinorblina.pl\/?p=2322\" \/>\n<meta property=\"og:site_name\" content=\"Muzeum Fabryki Norblina\" \/>\n<meta property=\"article:publisher\" content=\"https:\/\/www.facebook.com\/MuzeumFabrykiNorblina\" \/>\n<meta property=\"article:published_time\" content=\"2024-05-14T11:44:21+00:00\" \/>\n<meta property=\"article:modified_time\" content=\"2024-05-16T08:53:47+00:00\" \/>\n<meta property=\"og:image\" content=\"http:\/\/muzeumfabrykinorblina.pl\/wp-content\/uploads\/2024\/05\/MFN_Noc_muzeow.jpeg\" \/>\n\t<meta property=\"og:image:width\" content=\"960\" \/>\n\t<meta property=\"og:image:height\" content=\"960\" \/>\n\t<meta property=\"og:image:type\" content=\"image\/jpeg\" \/>\n<meta name=\"author\" content=\"Filip Zaborski\" \/>\n<meta name=\"twitter:card\" content=\"summary_large_image\" \/>\n<meta name=\"twitter:label1\" content=\"Napisane przez\" \/>\n\t<meta name=\"twitter:data1\" content=\"Filip Zaborski\" \/>\n\t<meta name=\"twitter:label2\" content=\"Szacowany czas czytania\" \/>\n\t<meta name=\"twitter:data2\" content=\"2 minuty\" \/>\n<script type=\"application\/ld+json\" class=\"yoast-schema-graph\">{\"@context\":\"https:\\\/\\\/schema.org\",\"@graph\":[{\"@type\":\"Article\",\"@id\":\"https:\\\/\\\/muzeumfabrykinorblina.pl\\\/?p=2322#article\",\"isPartOf\":{\"@id\":\"https:\\\/\\\/muzeumfabrykinorblina.pl\\\/?p=2322\"},\"author\":{\"name\":\"Filip Zaborski\",\"@id\":\"https:\\\/\\\/muzeumfabrykinorblina.pl\\\/#\\\/schema\\\/person\\\/ce1d84e870b4a69ecac1447ad862a907\"},\"headline\":\"Noc Muze\u00f3w ju\u017c w sobot\u0119!\",\"datePublished\":\"2024-05-14T11:44:21+00:00\",\"dateModified\":\"2024-05-16T08:53:47+00:00\",\"mainEntityOfPage\":{\"@id\":\"https:\\\/\\\/muzeumfabrykinorblina.pl\\\/?p=2322\"},\"wordCount\":270,\"publisher\":{\"@id\":\"https:\\\/\\\/muzeumfabrykinorblina.pl\\\/#organization\"},\"image\":{\"@id\":\"https:\\\/\\\/muzeumfabrykinorblina.pl\\\/?p=2322#primaryimage\"},\"thumbnailUrl\":\"https:\\\/\\\/muzeumfabrykinorblina.pl\\\/wp-content\\\/uploads\\\/2024\\\/05\\\/MFN_Noc_muzeow.jpeg\",\"articleSection\":[\"Aktualno\u015bci\"],\"inLanguage\":\"pl-PL\"},{\"@type\":\"WebPage\",\"@id\":\"https:\\\/\\\/muzeumfabrykinorblina.pl\\\/?p=2322\",\"url\":\"https:\\\/\\\/muzeumfabrykinorblina.pl\\\/?p=2322\",\"name\":\"Noc Muze\u00f3w ju\u017c w sobot\u0119! | Muzeum Fabryki Norblina\",\"isPartOf\":{\"@id\":\"https:\\\/\\\/muzeumfabrykinorblina.pl\\\/#website\"},\"primaryImageOfPage\":{\"@id\":\"https:\\\/\\\/muzeumfabrykinorblina.pl\\\/?p=2322#primaryimage\"},\"image\":{\"@id\":\"https:\\\/\\\/muzeumfabrykinorblina.pl\\\/?p=2322#primaryimage\"},\"thumbnailUrl\":\"https:\\\/\\\/muzeumfabrykinorblina.pl\\\/wp-content\\\/uploads\\\/2024\\\/05\\\/MFN_Noc_muzeow.jpeg\",\"datePublished\":\"2024-05-14T11:44:21+00:00\",\"dateModified\":\"2024-05-16T08:53:47+00:00\",\"breadcrumb\":{\"@id\":\"https:\\\/\\\/muzeumfabrykinorblina.pl\\\/?p=2322#breadcrumb\"},\"inLanguage\":\"pl-PL\",\"potentialAction\":[{\"@type\":\"ReadAction\",\"target\":[\"https:\\\/\\\/muzeumfabrykinorblina.pl\\\/?p=2322\"]}]},{\"@type\":\"ImageObject\",\"inLanguage\":\"pl-PL\",\"@id\":\"https:\\\/\\\/muzeumfabrykinorblina.pl\\\/?p=2322#primaryimage\",\"url\":\"https:\\\/\\\/muzeumfabrykinorblina.pl\\\/wp-content\\\/uploads\\\/2024\\\/05\\\/MFN_Noc_muzeow.jpeg\",\"contentUrl\":\"https:\\\/\\\/muzeumfabrykinorblina.pl\\\/wp-content\\\/uploads\\\/2024\\\/05\\\/MFN_Noc_muzeow.jpeg\",\"width\":960,\"height\":960},{\"@type\":\"BreadcrumbList\",\"@id\":\"https:\\\/\\\/muzeumfabrykinorblina.pl\\\/?p=2322#breadcrumb\",\"itemListElement\":[{\"@type\":\"ListItem\",\"position\":1,\"name\":\"Strona g\u0142\u00f3wna\",\"item\":\"https:\\\/\\\/muzeumfabrykinorblina.pl\\\/\"},{\"@type\":\"ListItem\",\"position\":2,\"name\":\"Noc Muze\u00f3w ju\u017c w sobot\u0119!\"}]},{\"@type\":\"WebSite\",\"@id\":\"https:\\\/\\\/muzeumfabrykinorblina.pl\\\/#website\",\"url\":\"https:\\\/\\\/muzeumfabrykinorblina.pl\\\/\",\"name\":\"Muzeum Fabryki Norblina\",\"description\":\"Fabryka Norblina\",\"publisher\":{\"@id\":\"https:\\\/\\\/muzeumfabrykinorblina.pl\\\/#organization\"},\"potentialAction\":[{\"@type\":\"SearchAction\",\"target\":{\"@type\":\"EntryPoint\",\"urlTemplate\":\"https:\\\/\\\/muzeumfabrykinorblina.pl\\\/?s={search_term_string}\"},\"query-input\":{\"@type\":\"PropertyValueSpecification\",\"valueRequired\":true,\"valueName\":\"search_term_string\"}}],\"inLanguage\":\"pl-PL\"},{\"@type\":\"Organization\",\"@id\":\"https:\\\/\\\/muzeumfabrykinorblina.pl\\\/#organization\",\"name\":\"Muzeum Fabryki Norblina\",\"url\":\"https:\\\/\\\/muzeumfabrykinorblina.pl\\\/\",\"logo\":{\"@type\":\"ImageObject\",\"inLanguage\":\"pl-PL\",\"@id\":\"https:\\\/\\\/muzeumfabrykinorblina.pl\\\/#\\\/schema\\\/logo\\\/image\\\/\",\"url\":\"https:\\\/\\\/muzeumfabrykinorblina.pl\\\/wp-content\\\/uploads\\\/2023\\\/11\\\/MFN_Featured-image_1200x675.jpg\",\"contentUrl\":\"https:\\\/\\\/muzeumfabrykinorblina.pl\\\/wp-content\\\/uploads\\\/2023\\\/11\\\/MFN_Featured-image_1200x675.jpg\",\"width\":1200,\"height\":675,\"caption\":\"Muzeum Fabryki Norblina\"},\"image\":{\"@id\":\"https:\\\/\\\/muzeumfabrykinorblina.pl\\\/#\\\/schema\\\/logo\\\/image\\\/\"},\"sameAs\":[\"https:\\\/\\\/www.facebook.com\\\/MuzeumFabrykiNorblina\",\"https:\\\/\\\/www.instagram.com\\\/muzeumfabrykinorblina\\\/\"]},{\"@type\":\"Person\",\"@id\":\"https:\\\/\\\/muzeumfabrykinorblina.pl\\\/#\\\/schema\\\/person\\\/ce1d84e870b4a69ecac1447ad862a907\",\"name\":\"Filip Zaborski\",\"image\":{\"@type\":\"ImageObject\",\"inLanguage\":\"pl-PL\",\"@id\":\"https:\\\/\\\/secure.gravatar.com\\\/avatar\\\/e3238716342a699f4e3ea5973222fbda23f9b17d5c59b68fe2f16f0a38ec0017?s=96&d=mm&r=g\",\"url\":\"https:\\\/\\\/secure.gravatar.com\\\/avatar\\\/e3238716342a699f4e3ea5973222fbda23f9b17d5c59b68fe2f16f0a38ec0017?s=96&d=mm&r=g\",\"contentUrl\":\"https:\\\/\\\/secure.gravatar.com\\\/avatar\\\/e3238716342a699f4e3ea5973222fbda23f9b17d5c59b68fe2f16f0a38ec0017?s=96&d=mm&r=g\",\"caption\":\"Filip Zaborski\"},\"url\":\"https:\\\/\\\/muzeumfabrykinorblina.pl\\\/?author=8\"}]}<\/script>\n<!-- \/ Yoast SEO plugin. -->","yoast_head_json":{"title":"Noc Muze\u00f3w ju\u017c w sobot\u0119! | Muzeum Fabryki Norblina","robots":{"index":"index","follow":"follow","max-snippet":"max-snippet:-1","max-image-preview":"max-image-preview:large","max-video-preview":"max-video-preview:-1"},"canonical":"https:\/\/muzeumfabrykinorblina.pl\/?p=2322","og_locale":"pl_PL","og_type":"article","og_title":"Noc Muze\u00f3w ju\u017c w sobot\u0119! | Muzeum Fabryki Norblina","og_description":"W ramach tegorocznej imprezy zapraszamy do zwiedzania naszej ekspozycji.&nbsp;Na 2 ha pofabrycznych teren\u00f3w w sercu warszawskiej Woli znajduje si\u0119 10 zabytkowych budynk\u00f3w, 50 maszyn i urz\u0105dze\u0144, a tak\u017ce kolekcja ponad 400 plater\u00f3w. W tle za\u015b znamienite rodziny, kt\u00f3re doprowadzi\u0142y do \u015bwietno\u015bci dawnych zak\u0142ad\u00f3w przy ulicy \u017belaznej. Przez 240 lat historii fabryki zwiedzaj\u0105cych przeprowadzi\u0107 mo\u017ce&nbsp;przewodnik lub [&hellip;]","og_url":"https:\/\/muzeumfabrykinorblina.pl\/?p=2322","og_site_name":"Muzeum Fabryki Norblina","article_publisher":"https:\/\/www.facebook.com\/MuzeumFabrykiNorblina","article_published_time":"2024-05-14T11:44:21+00:00","article_modified_time":"2024-05-16T08:53:47+00:00","og_image":[{"width":960,"height":960,"url":"http:\/\/muzeumfabrykinorblina.pl\/wp-content\/uploads\/2024\/05\/MFN_Noc_muzeow.jpeg","type":"image\/jpeg"}],"author":"Filip Zaborski","twitter_card":"summary_large_image","twitter_misc":{"Napisane przez":"Filip Zaborski","Szacowany czas czytania":"2 minuty"},"schema":{"@context":"https:\/\/schema.org","@graph":[{"@type":"Article","@id":"https:\/\/muzeumfabrykinorblina.pl\/?p=2322#article","isPartOf":{"@id":"https:\/\/muzeumfabrykinorblina.pl\/?p=2322"},"author":{"name":"Filip Zaborski","@id":"https:\/\/muzeumfabrykinorblina.pl\/#\/schema\/person\/ce1d84e870b4a69ecac1447ad862a907"},"headline":"Noc Muze\u00f3w ju\u017c w sobot\u0119!","datePublished":"2024-05-14T11:44:21+00:00","dateModified":"2024-05-16T08:53:47+00:00","mainEntityOfPage":{"@id":"https:\/\/muzeumfabrykinorblina.pl\/?p=2322"},"wordCount":270,"publisher":{"@id":"https:\/\/muzeumfabrykinorblina.pl\/#organization"},"image":{"@id":"https:\/\/muzeumfabrykinorblina.pl\/?p=2322#primaryimage"},"thumbnailUrl":"https:\/\/muzeumfabrykinorblina.pl\/wp-content\/uploads\/2024\/05\/MFN_Noc_muzeow.jpeg","articleSection":["Aktualno\u015bci"],"inLanguage":"pl-PL"},{"@type":"WebPage","@id":"https:\/\/muzeumfabrykinorblina.pl\/?p=2322","url":"https:\/\/muzeumfabrykinorblina.pl\/?p=2322","name":"Noc Muze\u00f3w ju\u017c w sobot\u0119! | Muzeum Fabryki Norblina","isPartOf":{"@id":"https:\/\/muzeumfabrykinorblina.pl\/#website"},"primaryImageOfPage":{"@id":"https:\/\/muzeumfabrykinorblina.pl\/?p=2322#primaryimage"},"image":{"@id":"https:\/\/muzeumfabrykinorblina.pl\/?p=2322#primaryimage"},"thumbnailUrl":"https:\/\/muzeumfabrykinorblina.pl\/wp-content\/uploads\/2024\/05\/MFN_Noc_muzeow.jpeg","datePublished":"2024-05-14T11:44:21+00:00","dateModified":"2024-05-16T08:53:47+00:00","breadcrumb":{"@id":"https:\/\/muzeumfabrykinorblina.pl\/?p=2322#breadcrumb"},"inLanguage":"pl-PL","potentialAction":[{"@type":"ReadAction","target":["https:\/\/muzeumfabrykinorblina.pl\/?p=2322"]}]},{"@type":"ImageObject","inLanguage":"pl-PL","@id":"https:\/\/muzeumfabrykinorblina.pl\/?p=2322#primaryimage","url":"https:\/\/muzeumfabrykinorblina.pl\/wp-content\/uploads\/2024\/05\/MFN_Noc_muzeow.jpeg","contentUrl":"https:\/\/muzeumfabrykinorblina.pl\/wp-content\/uploads\/2024\/05\/MFN_Noc_muzeow.jpeg","width":960,"height":960},{"@type":"BreadcrumbList","@id":"https:\/\/muzeumfabrykinorblina.pl\/?p=2322#breadcrumb","itemListElement":[{"@type":"ListItem","position":1,"name":"Strona g\u0142\u00f3wna","item":"https:\/\/muzeumfabrykinorblina.pl\/"},{"@type":"ListItem","position":2,"name":"Noc Muze\u00f3w ju\u017c w sobot\u0119!"}]},{"@type":"WebSite","@id":"https:\/\/muzeumfabrykinorblina.pl\/#website","url":"https:\/\/muzeumfabrykinorblina.pl\/","name":"Muzeum Fabryki Norblina","description":"Fabryka Norblina","publisher":{"@id":"https:\/\/muzeumfabrykinorblina.pl\/#organization"},"potentialAction":[{"@type":"SearchAction","target":{"@type":"EntryPoint","urlTemplate":"https:\/\/muzeumfabrykinorblina.pl\/?s={search_term_string}"},"query-input":{"@type":"PropertyValueSpecification","valueRequired":true,"valueName":"search_term_string"}}],"inLanguage":"pl-PL"},{"@type":"Organization","@id":"https:\/\/muzeumfabrykinorblina.pl\/#organization","name":"Muzeum Fabryki Norblina","url":"https:\/\/muzeumfabrykinorblina.pl\/","logo":{"@type":"ImageObject","inLanguage":"pl-PL","@id":"https:\/\/muzeumfabrykinorblina.pl\/#\/schema\/logo\/image\/","url":"https:\/\/muzeumfabrykinorblina.pl\/wp-content\/uploads\/2023\/11\/MFN_Featured-image_1200x675.jpg","contentUrl":"https:\/\/muzeumfabrykinorblina.pl\/wp-content\/uploads\/2023\/11\/MFN_Featured-image_1200x675.jpg","width":1200,"height":675,"caption":"Muzeum Fabryki Norblina"},"image":{"@id":"https:\/\/muzeumfabrykinorblina.pl\/#\/schema\/logo\/image\/"},"sameAs":["https:\/\/www.facebook.com\/MuzeumFabrykiNorblina","https:\/\/www.instagram.com\/muzeumfabrykinorblina\/"]},{"@type":"Person","@id":"https:\/\/muzeumfabrykinorblina.pl\/#\/schema\/person\/ce1d84e870b4a69ecac1447ad862a907","name":"Filip Zaborski","image":{"@type":"ImageObject","inLanguage":"pl-PL","@id":"https:\/\/secure.gravatar.com\/avatar\/e3238716342a699f4e3ea5973222fbda23f9b17d5c59b68fe2f16f0a38ec0017?s=96&d=mm&r=g","url":"https:\/\/secure.gravatar.com\/avatar\/e3238716342a699f4e3ea5973222fbda23f9b17d5c59b68fe2f16f0a38ec0017?s=96&d=mm&r=g","contentUrl":"https:\/\/secure.gravatar.com\/avatar\/e3238716342a699f4e3ea5973222fbda23f9b17d5c59b68fe2f16f0a38ec0017?s=96&d=mm&r=g","caption":"Filip Zaborski"},"url":"https:\/\/muzeumfabrykinorblina.pl\/?author=8"}]}},"lang":"pl","translations":{"pl":2322},"builder_content":"","pll_sync_post":{},"_links":{"self":[{"href":"https:\/\/muzeumfabrykinorblina.pl\/index.php?rest_route=\/wp\/v2\/posts\/2322","targetHints":{"allow":["GET"]}}],"collection":[{"href":"https:\/\/muzeumfabrykinorblina.pl\/index.php?rest_route=\/wp\/v2\/posts"}],"about":[{"href":"https:\/\/muzeumfabrykinorblina.pl\/index.php?rest_route=\/wp\/v2\/types\/post"}],"author":[{"embeddable":true,"href":"https:\/\/muzeumfabrykinorblina.pl\/index.php?rest_route=\/wp\/v2\/users\/8"}],"replies":[{"embeddable":true,"href":"https:\/\/muzeumfabrykinorblina.pl\/index.php?rest_route=%2Fwp%2Fv2%2Fcomments&post=2322"}],"version-history":[{"count":0,"href":"https:\/\/muzeumfabrykinorblina.pl\/index.php?rest_route=\/wp\/v2\/posts\/2322\/revisions"}],"wp:featuredmedia":[{"embeddable":true,"href":"https:\/\/muzeumfabrykinorblina.pl\/index.php?rest_route=\/wp\/v2\/media\/2325"}],"wp:attachment":[{"href":"https:\/\/muzeumfabrykinorblina.pl\/index.php?rest_route=%2Fwp%2Fv2%2Fmedia&parent=2322"}],"wp:term":[{"taxonomy":"category","embeddable":true,"href":"https:\/\/muzeumfabrykinorblina.pl\/index.php?rest_route=%2Fwp%2Fv2%2Fcategories&post=2322"},{"taxonomy":"post_tag","embeddable":true,"href":"https:\/\/muzeumfabrykinorblina.pl\/index.php?rest_route=%2Fwp%2Fv2%2Ftags&post=2322"}],"curies":[{"name":"wp","href":"https:\/\/api.w.org\/{rel}","templated":true}]}}