{"id":2033,"date":"2024-03-27T12:56:03","date_gmt":"2024-03-27T12:56:03","guid":{"rendered":"https:\/\/muzeumfabrykinorblina.pl\/?p=2033"},"modified":"2024-05-16T09:25:49","modified_gmt":"2024-05-16T09:25:49","slug":"julia-keilowa-projektantka","status":"publish","type":"post","link":"https:\/\/muzeumfabrykinorblina.pl\/?p=2033","title":{"rendered":"Muzeum Fabryki Norblina partnerem wystawy \u201eJulia Keilowa. Projektantka.\u201d"},"content":{"rendered":"\n<p class=\"wp-block-paragraph\"><strong>Wystawa \u201eJulia Keilowa. Projektantka.\u201d, kt\u00f3r\u0105 od 21 marca mo\u017cna ogl\u0105da\u0107 w Muzeum Warszawy to pierwsza tak szeroka prezentacja tw\u00f3rczo\u015bci wybitnej warszawskiej metaloplastyczki, jednej z czo\u0142owych postaci polskiego wzornictwa. Jej kariera trwa\u0142a zaledwie kilka lat i zosta\u0142a tragicznie przerwana przez II wojn\u0119 \u015bwiatow\u0105. Julia Keilowa zyska\u0142a s\u0142aw\u0119 i uznanie w dziedzinie dotychczas uwa\u017canej za domen\u0119 m\u0119\u017cczyzn. Wystawa opowiada tak\u017ce o szerszym zjawisku emancypacji kobiet projektantek i awansie wzornictwa do rangi sztuki, kt\u00f3re mia\u0142y miejsce w pierwszych dekadach XX wieku. Mi\u0119dzynarodowy kontekst dla dzie\u0142 Julii Keilowej daj\u0105 wyj\u0105tkowe przedmioty projektu Soni Delaunay, Jutty Siki i Christy Ehrlich.<\/strong><\/p>\n\n\n\n<p class=\"wp-block-paragraph\">Julia Keilowa projektowa\u0142a przedmioty codziennego u\u017cytku w stylu art d\u00e9co, a artystyczne wykszta\u0142cenie i do\u015bwiadczenie rze\u017abiarskie sprawi\u0142y, \u017ce wypracowa\u0142a w\u0142asny, wyrazisty styl. Dzi\u0119ki popularno\u015bci platernictwa, techniki pokrywania wyrob\u00f3w z metali nieszlachetnych cienk\u0105 pow\u0142ok\u0105 srebra lub z\u0142ota, przedmioty jej projektu trafi\u0142y na salony II Rzeczpospolitej, a sama Keilowa zyska\u0142a s\u0142aw\u0119 i uznanie. O randze obiekt\u00f3w i statusie Keilowej \u015bwiadczy fakt, \u017ce ju\u017c w latach 30. usi\u0142owano na\u015bladowa\u0107 jej styl, pojawi\u0142y si\u0119 nawet falsyfikaty jej wytwor\u00f3w. Dzi\u015b metaloplastyka Keilowej nale\u017cy do kanonu arcydzie\u0142 polskiego wzornictwa, a jej prace s\u0105 poszukiwane na rynku kolekcjonerskim, po\u017c\u0105dane w kolekcjach publicznych i prywatnych. Wystawa jest nie tylko najwi\u0119kszym dotychczas pokazem dzie\u0142 Julii Keilowej, ale tak\u017ce okazj\u0105 do poznani  tw\u00f3rczo\u015bci pionierek projektowania w stylu art d\u00e9co: Soni Delaunay oraz Jutty Siki z Warsztat\u00f3w wiede\u0144skich. Odkryciem dla polskiej publiczno\u015bci b\u0119d\u0105 tak\u017ce wsp\u00f3\u0142czesne Keilowej projektantki tworz\u0105ce w Holandii i Szwecji. Christa Ehrlich i Sylvia Stave tak\u017ce realizowa\u0142y dla przemys\u0142u projekty nowoczesnych, funkcjonalnych przedmiot\u00f3w z metalu.<\/p>\n\n\n\n<p class=\"wp-block-paragraph\">W kr\u00f3tkim \u017cyciu i nieca\u0142ej dekadzie intensywnej kariery Julii Keilowej manifestuj\u0105 si\u0119 zjawiska w\u0142a\u015bciwe pierwszym dziesi\u0119cioleciom XX wieku, a szczeg\u00f3lnie latom 30. w Warszawie. Podzia\u0142 na sztuk\u0119 wysok\u0105 i u\u017cytkow\u0105 si\u0119 zaciera, szko\u0142y artystyczne zaczynaj\u0105 kszta\u0142ci\u0107 projektant\u00f3w, a artystki-projektantki zyskuj\u0105 uznanie i buduj\u0105 swoje kariery na r\u00f3wni z \u017cyciem rodzinnym. Przemys\u0142 coraz ch\u0119tniej zatrudnia projektant\u00f3w i dzi\u0119ki ich pracom buduje swoj\u0105 mark\u0119. Eleganckie platery w stylu art d\u00e9co konkuruj\u0105 z dro\u017cszymi srebrami. W Polsce, kt\u00f3ra w 1918 roku odzyska\u0142a niepodleg\u0142o\u015b\u0107, nowoczesne wzornictwo mia\u0142o wspom\u00f3c modernizacj\u0119 m\u0142odego pa\u0144stwa. Prace metaloplastyczne Keilowej funkcjonowa\u0142y cz\u0119sto jako wizyt\u00f3wka sztuki II Rzeczypospolitej.<\/p>\n\n\n\n<p class=\"wp-block-paragraph\">Julia Keilowa niew\u0105tpliwie skorzysta\u0142a z mo\u017cliwo\u015bci, kt\u00f3re mia\u0142a, ale niezb\u0119dne by\u0142y: talent, kreatywno\u015b\u0107, up\u00f3r, pracowito\u015b\u0107 i konsekwencja w tworzeniu wyrazistego stylu. Dzi\u015b mo\u017cna \u015bmia\u0142o powiedzie\u0107, \u017ce projektantka \u015bwiadomie i w niezwyk\u0142ym tempie zbudowa\u0142a mark\u0119 osobist\u0105 \u2013 jej nazwisko by\u0142o synonimem pi\u0119knych, u\u017cytkowych przedmiot\u00f3w, wykonywanych fabrycznie, a nadal b\u0119d\u0105cych dzie\u0142em sztuki.<\/p>\n\n\n\n<h3 class=\"wp-block-heading\">Pionierki nowoczesnego wzornictwa i stylu art d\u00e9co<\/h3>\n\n\n\n<p class=\"wp-block-paragraph\">Podobne, cho\u0107 nie identyczne, by\u0142y losy wsp\u00f3\u0142czesnych i starszych od Keilowej tw\u00f3rczy\u0144 z europejskich o\u015brodk\u00f3w i \u015brodowisk \u2013 Soni Delaunay, Jutty Siki, Christy Ehrlich i Sylvii Stave. Ich tw\u00f3rczo\u015b\u0107 zaprezentowana na wystawie pog\u0142\u0119bia opowie\u015b\u0107 o wzornictwie jako r\u00f3wnoprawnej dziedzinie sztuki i projektantkach, kt\u00f3re by\u0142y artystkami. Pokazane zostan\u0105 mi\u0119dzy innymi: gwasze i tkaniny projektu Delaunay ze zbior\u00f3w Muzeum Sztuki Dekoracyjnej w Pary\u017cu, porcelana i szk\u0142o Jutty Siki z kolekcji Muzeum Sztuki Stosowanej w Wiedniu, metaloplastyka Christy Ehrlich z niderlandzkiego Muzeum Srebra w Schoonhoven oraz srebra i metalowe przedmioty projektu Sylvii Stave z kolekcji prywatnej. Przegl\u0105d najlepszego wzornictwa w stylu art d\u00e9co dope\u0142nia wyb\u00f3r obiekt\u00f3w z Polski i z zagranicy, pochodz\u0105cych ze zbior\u00f3w prywatnych, muzealnych i kolekcji Muzeum Warszawy.<\/p>\n\n\n\n<h3 class=\"wp-block-heading\">Najwi\u0119ksza prezentacja tw\u00f3rczo\u015bci Keilowej &#8211; &#8222;Julia Keilowa. Projektantka.&#8221;<\/h3>\n\n\n\n<p class=\"wp-block-paragraph\">Podstaw\u0105 ekspozycji jest jednak blisko 80 obiekt\u00f3w zaprojektowanych i wykonanych przez Keilow\u0105. To dot\u0105d najszersza prezentacja jej tw\u00f3rczo\u015bci, obejmuj\u0105ca wykonane r\u0119cznie unikaty i prace rze\u017abiarskie. Dorobek Keilowej rozproszy\u0142 si\u0119 podczas II wojny \u015bwiatowej, a w kolejnych dziesi\u0119cioleciach popada\u0142 w zapomnienie, tak\u017ce ze wzgl\u0119du na zmian\u0119 ustroju. Socjalistyczne pa\u0144stwo polskie \u015bwiadomie zaciera\u0142o pami\u0119\u0107 o dorobku II Rzeczpospolitej, upa\u0144stwowiono zak\u0142ady platernicze, nie dbano o respektowanie praw autorskich. Jednocze\u015bnie zmienia\u0142y si\u0119 upodobania estetyczne i styl lat 30. wydawa\u0142 si\u0119 staro\u015bwiecki. Ostatnie dziesi\u0119ciolecia to powr\u00f3t art d\u00e9co i ponowne odkrywanie tw\u00f3rczo\u015bci Keilowej.<\/p>\n\n\n\n<h3 class=\"wp-block-heading\">Pierwszy katalog projekt\u00f3w Keilowej<\/h3>\n\n\n\n<p class=\"wp-block-paragraph\">Wystawie towarzyszy polsko-angielska publikacja Julia Keilowa. Projektantka art d\u00e9co pod redakcj\u0105 kuratorek wystawy \u2013 Agnieszki D\u0105browskiej i Moniki Siwi\u0144skiej. Wydawnictwo przybli\u017cy sylwetk\u0119 projektantki, jej warsztat, drog\u0119 zawodow\u0105 oraz sposoby budowania w\u0142asnej marki. Ksi\u0105\u017cka zawiera te\u017c pierwszy katalog tw\u00f3rczo\u015bci metaloplastycznej Keilowej, kt\u00f3ry obejmuje udokumentowane projekty jej autorstwa i pokazuje walory powsta\u0142ego w kr\u00f3tkim czasie, ale niezwykle bogatego dorobku. Premiera ksi\u0105\u017cki: 24 kwietnia. Wystawa Julia Keilowa. Projektantka potrwa od 21 marca do 1 wrze\u015bnia 2024 roku w <a href=\"https:\/\/muzeumwarszawy.pl\/\" target=\"_blank\" rel=\"noreferrer noopener\">Muzeum Warszawy<\/a> na Rynku Starego Miasta 32. Muzeum jest czynne we wtorki, \u015brody, pi\u0105tki i soboty w godzinach od 11.00 do 19.00, w czwartki od 11.00 do 20.00, w niedziele od 11.00 do 18.00. Bilety: 20 z\u0142 \/ 15 z\u0142, w czwartki wst\u0119p bezp\u0142atny. Wi\u0119cej o wystawie \u201eJulia Keilowa. Projektantka.\u201d i programie towarzysz\u0105cym w Muzeum Fabryki Norblina. Wystawa dost\u0119pna w dniach: 21 marca \u2013 1 wrze\u015bnia 2024 roku<\/p>\n\n\n\n<p class=\"wp-block-paragraph\">Muzeum Warszawy, Rynek Starego Miasta 32<\/p>\n\n\n\n<p class=\"wp-block-paragraph\">Kuratorki: Agnieszka D\u0105browska, Monika Siwi\u0144ska<br>Projekt ekspozycji: Jan Strumi\u0142\u0142o z zespo\u0142em<br>Partnerzy: <a href=\"https:\/\/austria.org.pl\/\" target=\"_blank\" rel=\"noreferrer noopener\">Austriackie Forum Kultury w Warszawie<\/a>, Muzeum Fabryki Norblina w Warszawie, <a href=\"https:\/\/www.nac.gov.pl\/\">Narodowe Archiwum Cyfrowe<\/a><\/p>\n\n\n\n<p class=\"wp-block-paragraph\"><strong>Muzeum Fabryki Norblina jest partnerem wystawy \u201eJulia Keilowa. Projektantka\u201d i w zwi\u0105zku z tym dla swoich go\u015bci przygotowa\u0142o tymczasow\u0105 ekspozycj\u0119 \u201ePlatery art d\u00e9co&nbsp;z Fabryki Norblina\u201d. Wi\u0119cej informacji: <a href=\"https:\/\/muzeumfabrykinorblina.pl\/wystawy\/\">Wystawy Czasowe<\/a><\/strong><\/p>\n\n\n<!-- wp:themify-builder\/canvas \/-->","protected":false},"excerpt":{"rendered":"<p>Wystawa \u201eJulia Keilowa. Projektantka.\u201d, kt\u00f3r\u0105 od 21 marca mo\u017cna ogl\u0105da\u0107 w Muzeum Warszawy to pierwsza tak szeroka prezentacja tw\u00f3rczo\u015bci wybitnej warszawskiej metaloplastyczki, jednej z czo\u0142owych postaci polskiego wzornictwa. Jej kariera trwa\u0142a zaledwie kilka lat i zosta\u0142a tragicznie przerwana przez II wojn\u0119 \u015bwiatow\u0105. Julia Keilowa zyska\u0142a s\u0142aw\u0119 i uznanie w dziedzinie dotychczas uwa\u017canej za domen\u0119 m\u0119\u017cczyzn. [&hellip;]<\/p>\n","protected":false},"author":9,"featured_media":2036,"comment_status":"closed","ping_status":"closed","sticky":false,"template":"","format":"standard","meta":{"_acf_changed":false,"_monsterinsights_skip_tracking":false,"footnotes":""},"categories":[29],"tags":[],"class_list":["post-2033","post","type-post","status-publish","format-standard","has-post-thumbnail","hentry","category-aktualnosci","has-post-title","has-post-date","has-post-category","has-post-tag","has-post-comment","has-post-author",""],"acf":[],"yoast_head":"<!-- This site is optimized with the Yoast SEO plugin v28.2 - https:\/\/yoast.com\/product\/yoast-seo-wordpress\/ -->\n<title>Muzeum Fabryki Norblina partnerem wystawy \u201eJulia Keilowa. Projektantka.\u201d | Muzeum Fabryki Norblina<\/title>\n<meta name=\"description\" content=\"Wystaw\u0119 \u201eJulia Keilowa. Projektantka.\u201d mo\u017cna ogl\u0105da\u0107 w Muzeum Warszawy. To pierwsza tak szeroka prezentacja tw\u00f3rczo\u015bci projektantki.\" \/>\n<meta name=\"robots\" content=\"index, follow, max-snippet:-1, max-image-preview:large, max-video-preview:-1\" \/>\n<link rel=\"canonical\" href=\"https:\/\/muzeumfabrykinorblina.pl\/?p=2033\" \/>\n<meta property=\"og:locale\" content=\"pl_PL\" \/>\n<meta property=\"og:type\" content=\"article\" \/>\n<meta property=\"og:title\" content=\"Julia Keilowa. Projektantka.\" \/>\n<meta property=\"og:description\" content=\"Wystaw\u0119 \u201eJulia Keilowa. Projektantka.\u201d mo\u017cna ogl\u0105da\u0107 w Muzeum Warszawy. To pierwsza tak szeroka prezentacja tw\u00f3rczo\u015bci projektantki.\" \/>\n<meta property=\"og:url\" content=\"https:\/\/muzeumfabrykinorblina.pl\/?p=2033\" \/>\n<meta property=\"og:site_name\" content=\"Muzeum Fabryki Norblina\" \/>\n<meta property=\"article:publisher\" content=\"https:\/\/www.facebook.com\/MuzeumFabrykiNorblina\" \/>\n<meta property=\"article:published_time\" content=\"2024-03-27T12:56:03+00:00\" \/>\n<meta property=\"article:modified_time\" content=\"2024-05-16T09:25:49+00:00\" \/>\n<meta property=\"og:image\" content=\"https:\/\/muzeumfabrykinorblina.pl\/wp-content\/uploads\/2024\/03\/Julia-Keilowa_post-kwadratowy.jpg\" \/>\n\t<meta property=\"og:image:width\" content=\"1400\" \/>\n\t<meta property=\"og:image:height\" content=\"1400\" \/>\n\t<meta property=\"og:image:type\" content=\"image\/jpeg\" \/>\n<meta name=\"author\" content=\"Agata Ilnicka\" \/>\n<meta name=\"twitter:card\" content=\"summary_large_image\" \/>\n<meta name=\"twitter:title\" content=\"Julia Keilowa. Projektantka.\" \/>\n<meta name=\"twitter:description\" content=\"Wystaw\u0119 \u201eJulia Keilowa. Projektantka.\u201d mo\u017cna ogl\u0105da\u0107 w Muzeum Warszawy. To pierwsza tak szeroka prezentacja tw\u00f3rczo\u015bci projektantki.\" \/>\n<meta name=\"twitter:image\" content=\"https:\/\/muzeumfabrykinorblina.pl\/wp-content\/uploads\/2024\/03\/Julia-Keilowa_post-kwadratowy.jpg\" \/>\n<meta name=\"twitter:label1\" content=\"Napisane przez\" \/>\n\t<meta name=\"twitter:data1\" content=\"Agata Ilnicka\" \/>\n\t<meta name=\"twitter:label2\" content=\"Szacowany czas czytania\" \/>\n\t<meta name=\"twitter:data2\" content=\"6 minut\" \/>\n<script type=\"application\/ld+json\" class=\"yoast-schema-graph\">{\"@context\":\"https:\\\/\\\/schema.org\",\"@graph\":[{\"@type\":\"Article\",\"@id\":\"https:\\\/\\\/muzeumfabrykinorblina.pl\\\/?p=2033#article\",\"isPartOf\":{\"@id\":\"https:\\\/\\\/muzeumfabrykinorblina.pl\\\/?p=2033\"},\"author\":{\"name\":\"Agata Ilnicka\",\"@id\":\"https:\\\/\\\/muzeumfabrykinorblina.pl\\\/#\\\/schema\\\/person\\\/4f1632ef79031887e0e24c4ea9d3472e\"},\"headline\":\"Muzeum Fabryki Norblina partnerem wystawy \u201eJulia Keilowa. Projektantka.\u201d\",\"datePublished\":\"2024-03-27T12:56:03+00:00\",\"dateModified\":\"2024-05-16T09:25:49+00:00\",\"mainEntityOfPage\":{\"@id\":\"https:\\\/\\\/muzeumfabrykinorblina.pl\\\/?p=2033\"},\"wordCount\":985,\"publisher\":{\"@id\":\"https:\\\/\\\/muzeumfabrykinorblina.pl\\\/#organization\"},\"image\":{\"@id\":\"https:\\\/\\\/muzeumfabrykinorblina.pl\\\/?p=2033#primaryimage\"},\"thumbnailUrl\":\"https:\\\/\\\/muzeumfabrykinorblina.pl\\\/wp-content\\\/uploads\\\/2024\\\/03\\\/Julia-Keilowa_post-kwadratowy.jpg\",\"articleSection\":[\"Aktualno\u015bci\"],\"inLanguage\":\"pl-PL\"},{\"@type\":\"WebPage\",\"@id\":\"https:\\\/\\\/muzeumfabrykinorblina.pl\\\/?p=2033\",\"url\":\"https:\\\/\\\/muzeumfabrykinorblina.pl\\\/?p=2033\",\"name\":\"Muzeum Fabryki Norblina partnerem wystawy \u201eJulia Keilowa. Projektantka.\u201d | Muzeum Fabryki Norblina\",\"isPartOf\":{\"@id\":\"https:\\\/\\\/muzeumfabrykinorblina.pl\\\/#website\"},\"primaryImageOfPage\":{\"@id\":\"https:\\\/\\\/muzeumfabrykinorblina.pl\\\/?p=2033#primaryimage\"},\"image\":{\"@id\":\"https:\\\/\\\/muzeumfabrykinorblina.pl\\\/?p=2033#primaryimage\"},\"thumbnailUrl\":\"https:\\\/\\\/muzeumfabrykinorblina.pl\\\/wp-content\\\/uploads\\\/2024\\\/03\\\/Julia-Keilowa_post-kwadratowy.jpg\",\"datePublished\":\"2024-03-27T12:56:03+00:00\",\"dateModified\":\"2024-05-16T09:25:49+00:00\",\"description\":\"Wystaw\u0119 \u201eJulia Keilowa. Projektantka.\u201d mo\u017cna ogl\u0105da\u0107 w Muzeum Warszawy. To pierwsza tak szeroka prezentacja tw\u00f3rczo\u015bci projektantki.\",\"breadcrumb\":{\"@id\":\"https:\\\/\\\/muzeumfabrykinorblina.pl\\\/?p=2033#breadcrumb\"},\"inLanguage\":\"pl-PL\",\"potentialAction\":[{\"@type\":\"ReadAction\",\"target\":[\"https:\\\/\\\/muzeumfabrykinorblina.pl\\\/?p=2033\"]}]},{\"@type\":\"ImageObject\",\"inLanguage\":\"pl-PL\",\"@id\":\"https:\\\/\\\/muzeumfabrykinorblina.pl\\\/?p=2033#primaryimage\",\"url\":\"https:\\\/\\\/muzeumfabrykinorblina.pl\\\/wp-content\\\/uploads\\\/2024\\\/03\\\/Julia-Keilowa_post-kwadratowy.jpg\",\"contentUrl\":\"https:\\\/\\\/muzeumfabrykinorblina.pl\\\/wp-content\\\/uploads\\\/2024\\\/03\\\/Julia-Keilowa_post-kwadratowy.jpg\",\"width\":1400,\"height\":1400,\"caption\":\"Julia Keilowa. Projektantka.\"},{\"@type\":\"BreadcrumbList\",\"@id\":\"https:\\\/\\\/muzeumfabrykinorblina.pl\\\/?p=2033#breadcrumb\",\"itemListElement\":[{\"@type\":\"ListItem\",\"position\":1,\"name\":\"Strona g\u0142\u00f3wna\",\"item\":\"https:\\\/\\\/muzeumfabrykinorblina.pl\\\/\"},{\"@type\":\"ListItem\",\"position\":2,\"name\":\"Muzeum Fabryki Norblina partnerem wystawy \u201eJulia Keilowa. Projektantka.\u201d\"}]},{\"@type\":\"WebSite\",\"@id\":\"https:\\\/\\\/muzeumfabrykinorblina.pl\\\/#website\",\"url\":\"https:\\\/\\\/muzeumfabrykinorblina.pl\\\/\",\"name\":\"Muzeum Fabryki Norblina\",\"description\":\"Fabryka Norblina\",\"publisher\":{\"@id\":\"https:\\\/\\\/muzeumfabrykinorblina.pl\\\/#organization\"},\"potentialAction\":[{\"@type\":\"SearchAction\",\"target\":{\"@type\":\"EntryPoint\",\"urlTemplate\":\"https:\\\/\\\/muzeumfabrykinorblina.pl\\\/?s={search_term_string}\"},\"query-input\":{\"@type\":\"PropertyValueSpecification\",\"valueRequired\":true,\"valueName\":\"search_term_string\"}}],\"inLanguage\":\"pl-PL\"},{\"@type\":\"Organization\",\"@id\":\"https:\\\/\\\/muzeumfabrykinorblina.pl\\\/#organization\",\"name\":\"Muzeum Fabryki Norblina\",\"url\":\"https:\\\/\\\/muzeumfabrykinorblina.pl\\\/\",\"logo\":{\"@type\":\"ImageObject\",\"inLanguage\":\"pl-PL\",\"@id\":\"https:\\\/\\\/muzeumfabrykinorblina.pl\\\/#\\\/schema\\\/logo\\\/image\\\/\",\"url\":\"https:\\\/\\\/muzeumfabrykinorblina.pl\\\/wp-content\\\/uploads\\\/2023\\\/11\\\/MFN_Featured-image_1200x675.jpg\",\"contentUrl\":\"https:\\\/\\\/muzeumfabrykinorblina.pl\\\/wp-content\\\/uploads\\\/2023\\\/11\\\/MFN_Featured-image_1200x675.jpg\",\"width\":1200,\"height\":675,\"caption\":\"Muzeum Fabryki Norblina\"},\"image\":{\"@id\":\"https:\\\/\\\/muzeumfabrykinorblina.pl\\\/#\\\/schema\\\/logo\\\/image\\\/\"},\"sameAs\":[\"https:\\\/\\\/www.facebook.com\\\/MuzeumFabrykiNorblina\",\"https:\\\/\\\/www.instagram.com\\\/muzeumfabrykinorblina\\\/\"]},{\"@type\":\"Person\",\"@id\":\"https:\\\/\\\/muzeumfabrykinorblina.pl\\\/#\\\/schema\\\/person\\\/4f1632ef79031887e0e24c4ea9d3472e\",\"name\":\"Agata Ilnicka\",\"image\":{\"@type\":\"ImageObject\",\"inLanguage\":\"pl-PL\",\"@id\":\"https:\\\/\\\/secure.gravatar.com\\\/avatar\\\/0c850e3cc969e3bec61971337ea044add4e3b6da745c50448fbab5c86b0b85d9?s=96&d=mm&r=g\",\"url\":\"https:\\\/\\\/secure.gravatar.com\\\/avatar\\\/0c850e3cc969e3bec61971337ea044add4e3b6da745c50448fbab5c86b0b85d9?s=96&d=mm&r=g\",\"contentUrl\":\"https:\\\/\\\/secure.gravatar.com\\\/avatar\\\/0c850e3cc969e3bec61971337ea044add4e3b6da745c50448fbab5c86b0b85d9?s=96&d=mm&r=g\",\"caption\":\"Agata Ilnicka\"},\"url\":\"https:\\\/\\\/muzeumfabrykinorblina.pl\\\/?author=9\"}]}<\/script>\n<!-- \/ Yoast SEO plugin. -->","yoast_head_json":{"title":"Muzeum Fabryki Norblina partnerem wystawy \u201eJulia Keilowa. Projektantka.\u201d | Muzeum Fabryki Norblina","description":"Wystaw\u0119 \u201eJulia Keilowa. Projektantka.\u201d mo\u017cna ogl\u0105da\u0107 w Muzeum Warszawy. To pierwsza tak szeroka prezentacja tw\u00f3rczo\u015bci projektantki.","robots":{"index":"index","follow":"follow","max-snippet":"max-snippet:-1","max-image-preview":"max-image-preview:large","max-video-preview":"max-video-preview:-1"},"canonical":"https:\/\/muzeumfabrykinorblina.pl\/?p=2033","og_locale":"pl_PL","og_type":"article","og_title":"Julia Keilowa. Projektantka.","og_description":"Wystaw\u0119 \u201eJulia Keilowa. Projektantka.\u201d mo\u017cna ogl\u0105da\u0107 w Muzeum Warszawy. To pierwsza tak szeroka prezentacja tw\u00f3rczo\u015bci projektantki.","og_url":"https:\/\/muzeumfabrykinorblina.pl\/?p=2033","og_site_name":"Muzeum Fabryki Norblina","article_publisher":"https:\/\/www.facebook.com\/MuzeumFabrykiNorblina","article_published_time":"2024-03-27T12:56:03+00:00","article_modified_time":"2024-05-16T09:25:49+00:00","og_image":[{"width":1400,"height":1400,"url":"https:\/\/muzeumfabrykinorblina.pl\/wp-content\/uploads\/2024\/03\/Julia-Keilowa_post-kwadratowy.jpg","type":"image\/jpeg"}],"author":"Agata Ilnicka","twitter_card":"summary_large_image","twitter_title":"Julia Keilowa. Projektantka.","twitter_description":"Wystaw\u0119 \u201eJulia Keilowa. Projektantka.\u201d mo\u017cna ogl\u0105da\u0107 w Muzeum Warszawy. To pierwsza tak szeroka prezentacja tw\u00f3rczo\u015bci projektantki.","twitter_image":"https:\/\/muzeumfabrykinorblina.pl\/wp-content\/uploads\/2024\/03\/Julia-Keilowa_post-kwadratowy.jpg","twitter_misc":{"Napisane przez":"Agata Ilnicka","Szacowany czas czytania":"6 minut"},"schema":{"@context":"https:\/\/schema.org","@graph":[{"@type":"Article","@id":"https:\/\/muzeumfabrykinorblina.pl\/?p=2033#article","isPartOf":{"@id":"https:\/\/muzeumfabrykinorblina.pl\/?p=2033"},"author":{"name":"Agata Ilnicka","@id":"https:\/\/muzeumfabrykinorblina.pl\/#\/schema\/person\/4f1632ef79031887e0e24c4ea9d3472e"},"headline":"Muzeum Fabryki Norblina partnerem wystawy \u201eJulia Keilowa. Projektantka.\u201d","datePublished":"2024-03-27T12:56:03+00:00","dateModified":"2024-05-16T09:25:49+00:00","mainEntityOfPage":{"@id":"https:\/\/muzeumfabrykinorblina.pl\/?p=2033"},"wordCount":985,"publisher":{"@id":"https:\/\/muzeumfabrykinorblina.pl\/#organization"},"image":{"@id":"https:\/\/muzeumfabrykinorblina.pl\/?p=2033#primaryimage"},"thumbnailUrl":"https:\/\/muzeumfabrykinorblina.pl\/wp-content\/uploads\/2024\/03\/Julia-Keilowa_post-kwadratowy.jpg","articleSection":["Aktualno\u015bci"],"inLanguage":"pl-PL"},{"@type":"WebPage","@id":"https:\/\/muzeumfabrykinorblina.pl\/?p=2033","url":"https:\/\/muzeumfabrykinorblina.pl\/?p=2033","name":"Muzeum Fabryki Norblina partnerem wystawy \u201eJulia Keilowa. Projektantka.\u201d | Muzeum Fabryki Norblina","isPartOf":{"@id":"https:\/\/muzeumfabrykinorblina.pl\/#website"},"primaryImageOfPage":{"@id":"https:\/\/muzeumfabrykinorblina.pl\/?p=2033#primaryimage"},"image":{"@id":"https:\/\/muzeumfabrykinorblina.pl\/?p=2033#primaryimage"},"thumbnailUrl":"https:\/\/muzeumfabrykinorblina.pl\/wp-content\/uploads\/2024\/03\/Julia-Keilowa_post-kwadratowy.jpg","datePublished":"2024-03-27T12:56:03+00:00","dateModified":"2024-05-16T09:25:49+00:00","description":"Wystaw\u0119 \u201eJulia Keilowa. Projektantka.\u201d mo\u017cna ogl\u0105da\u0107 w Muzeum Warszawy. To pierwsza tak szeroka prezentacja tw\u00f3rczo\u015bci projektantki.","breadcrumb":{"@id":"https:\/\/muzeumfabrykinorblina.pl\/?p=2033#breadcrumb"},"inLanguage":"pl-PL","potentialAction":[{"@type":"ReadAction","target":["https:\/\/muzeumfabrykinorblina.pl\/?p=2033"]}]},{"@type":"ImageObject","inLanguage":"pl-PL","@id":"https:\/\/muzeumfabrykinorblina.pl\/?p=2033#primaryimage","url":"https:\/\/muzeumfabrykinorblina.pl\/wp-content\/uploads\/2024\/03\/Julia-Keilowa_post-kwadratowy.jpg","contentUrl":"https:\/\/muzeumfabrykinorblina.pl\/wp-content\/uploads\/2024\/03\/Julia-Keilowa_post-kwadratowy.jpg","width":1400,"height":1400,"caption":"Julia Keilowa. Projektantka."},{"@type":"BreadcrumbList","@id":"https:\/\/muzeumfabrykinorblina.pl\/?p=2033#breadcrumb","itemListElement":[{"@type":"ListItem","position":1,"name":"Strona g\u0142\u00f3wna","item":"https:\/\/muzeumfabrykinorblina.pl\/"},{"@type":"ListItem","position":2,"name":"Muzeum Fabryki Norblina partnerem wystawy \u201eJulia Keilowa. Projektantka.\u201d"}]},{"@type":"WebSite","@id":"https:\/\/muzeumfabrykinorblina.pl\/#website","url":"https:\/\/muzeumfabrykinorblina.pl\/","name":"Muzeum Fabryki Norblina","description":"Fabryka Norblina","publisher":{"@id":"https:\/\/muzeumfabrykinorblina.pl\/#organization"},"potentialAction":[{"@type":"SearchAction","target":{"@type":"EntryPoint","urlTemplate":"https:\/\/muzeumfabrykinorblina.pl\/?s={search_term_string}"},"query-input":{"@type":"PropertyValueSpecification","valueRequired":true,"valueName":"search_term_string"}}],"inLanguage":"pl-PL"},{"@type":"Organization","@id":"https:\/\/muzeumfabrykinorblina.pl\/#organization","name":"Muzeum Fabryki Norblina","url":"https:\/\/muzeumfabrykinorblina.pl\/","logo":{"@type":"ImageObject","inLanguage":"pl-PL","@id":"https:\/\/muzeumfabrykinorblina.pl\/#\/schema\/logo\/image\/","url":"https:\/\/muzeumfabrykinorblina.pl\/wp-content\/uploads\/2023\/11\/MFN_Featured-image_1200x675.jpg","contentUrl":"https:\/\/muzeumfabrykinorblina.pl\/wp-content\/uploads\/2023\/11\/MFN_Featured-image_1200x675.jpg","width":1200,"height":675,"caption":"Muzeum Fabryki Norblina"},"image":{"@id":"https:\/\/muzeumfabrykinorblina.pl\/#\/schema\/logo\/image\/"},"sameAs":["https:\/\/www.facebook.com\/MuzeumFabrykiNorblina","https:\/\/www.instagram.com\/muzeumfabrykinorblina\/"]},{"@type":"Person","@id":"https:\/\/muzeumfabrykinorblina.pl\/#\/schema\/person\/4f1632ef79031887e0e24c4ea9d3472e","name":"Agata Ilnicka","image":{"@type":"ImageObject","inLanguage":"pl-PL","@id":"https:\/\/secure.gravatar.com\/avatar\/0c850e3cc969e3bec61971337ea044add4e3b6da745c50448fbab5c86b0b85d9?s=96&d=mm&r=g","url":"https:\/\/secure.gravatar.com\/avatar\/0c850e3cc969e3bec61971337ea044add4e3b6da745c50448fbab5c86b0b85d9?s=96&d=mm&r=g","contentUrl":"https:\/\/secure.gravatar.com\/avatar\/0c850e3cc969e3bec61971337ea044add4e3b6da745c50448fbab5c86b0b85d9?s=96&d=mm&r=g","caption":"Agata Ilnicka"},"url":"https:\/\/muzeumfabrykinorblina.pl\/?author=9"}]}},"lang":"pl","translations":{"pl":2033,"en":2168},"builder_content":"","pll_sync_post":{},"_links":{"self":[{"href":"https:\/\/muzeumfabrykinorblina.pl\/index.php?rest_route=\/wp\/v2\/posts\/2033","targetHints":{"allow":["GET"]}}],"collection":[{"href":"https:\/\/muzeumfabrykinorblina.pl\/index.php?rest_route=\/wp\/v2\/posts"}],"about":[{"href":"https:\/\/muzeumfabrykinorblina.pl\/index.php?rest_route=\/wp\/v2\/types\/post"}],"author":[{"embeddable":true,"href":"https:\/\/muzeumfabrykinorblina.pl\/index.php?rest_route=\/wp\/v2\/users\/9"}],"replies":[{"embeddable":true,"href":"https:\/\/muzeumfabrykinorblina.pl\/index.php?rest_route=%2Fwp%2Fv2%2Fcomments&post=2033"}],"version-history":[{"count":0,"href":"https:\/\/muzeumfabrykinorblina.pl\/index.php?rest_route=\/wp\/v2\/posts\/2033\/revisions"}],"wp:featuredmedia":[{"embeddable":true,"href":"https:\/\/muzeumfabrykinorblina.pl\/index.php?rest_route=\/wp\/v2\/media\/2036"}],"wp:attachment":[{"href":"https:\/\/muzeumfabrykinorblina.pl\/index.php?rest_route=%2Fwp%2Fv2%2Fmedia&parent=2033"}],"wp:term":[{"taxonomy":"category","embeddable":true,"href":"https:\/\/muzeumfabrykinorblina.pl\/index.php?rest_route=%2Fwp%2Fv2%2Fcategories&post=2033"},{"taxonomy":"post_tag","embeddable":true,"href":"https:\/\/muzeumfabrykinorblina.pl\/index.php?rest_route=%2Fwp%2Fv2%2Ftags&post=2033"}],"curies":[{"name":"wp","href":"https:\/\/api.w.org\/{rel}","templated":true}]}}