{"id":2001,"date":"2024-02-28T10:11:22","date_gmt":"2024-02-28T10:11:22","guid":{"rendered":"https:\/\/muzeumfabrykinorblina.pl\/?p=2001"},"modified":"2024-02-28T12:39:32","modified_gmt":"2024-02-28T12:39:32","slug":"niezwykla-kolekcja-plakatow-w-muzeum-fabryki-norblina","status":"publish","type":"post","link":"https:\/\/muzeumfabrykinorblina.pl\/?p=2001","title":{"rendered":"Niezwyk\u0142a kolekcja plakat\u00f3w w Muzeum Fabryki Norblina!"},"content":{"rendered":"\n<p class=\"wp-block-paragraph\"><strong>Od \u015brody, 28 lutego, w warszawskiej Fabryce Norblina podziwia\u0107 mo\u017cna wyj\u0105tkow\u0105 wystaw\u0119 \u201eStefan Norblin \u2013 artysta plakatu\u201d. Do kompleksu przy \u017belaznej 51\/53 trafi\u0142y kopie prac stworzonych przez jednego z cz\u0142onk\u00f3w rodu Norblin\u00f3w, Stefana \u2013 jednego z najbardziej prominentnych artyst\u00f3w II Rzeczpospolitej. Prezentowana kolekcja obejmuje 24 przyk\u0142ady jego tw\u00f3rczo\u015bci. W Fabryce Norblina b\u0119dzie mo\u017cna je ogl\u0105da\u0107 bezp\u0142atnie do ko\u0144ca marca.<\/strong><\/p>\n\n\n\n<p class=\"wp-block-paragraph\">Plakaty, kt\u00f3re od 28 lutego mog\u0105 podziwia\u0107 go\u015bcie Fabryki Norblina, powsta\u0142y w latach 20. i 30. XX wieku w Warszawie. Wiod\u0105c\u0105 jest seria promuj\u0105ca Polsk\u0119, kt\u00f3r\u0105 artysta stworzy\u0142 na zam\u00f3wienie Ministerstwa Komunikacji i Polskich Kolei Pa\u0144stwowych. Prace te mia\u0142y reklamowa\u0107 polskie miasta i regiony. Obok nich zobaczy\u0107 mo\u017cna plakaty filmowe i reklamowe oraz anonse wydarze\u0144 kulturalnych. Nie zabrak\u0142o tak\u017ce tematu politycznego z monumentalnym wizerunkiem Marsza\u0142ka J\u00f3zefa Pi\u0142sudskiego. Kolekcja udost\u0119pniona zosta\u0142a Fabryce Norblina przez Muzeum Plakatu w Wilanowie, Muzeum Narodowe w Poznaniu oraz Archiwum Pa\u0144stwowe w Lublinie. <br><strong>Odwiedzaj\u0105cy mog\u0105 je ogl\u0105da\u0107 bezp\u0142atnie na poziomie +1 w budynku Plater.<\/strong><\/p>\n\n\n\n<p class=\"wp-block-paragraph\">Zbie\u017cno\u015b\u0107 nazwisk Stefana i w\u0142a\u015bcicieli dawnych zak\u0142ad\u00f3w Norblin, Bracia Buch i T. Werner nie jest przypadkowa. Jego ojciec, Stanis\u0142aw Ignacy Norblin z fabryk\u0105 plater\u00f3w i wyrob\u00f3w br\u0105zowniczych za\u0142o\u017con\u0105 przez swojego stryja Wincentego, zwi\u0105zany by\u0142 przez wi\u0119kszo\u015b\u0107 swojego \u017cycia. W latach 1893-1902 kierowa\u0142 od strony technicznej Fabryk\u0105 ju\u017c pod nazw\u0105 Towarzystwo Akcyjne Fabryk Metalowych Norblin, Bracia Buch i T. Werner w Warszawie. Stefan nie wykazywa\u0142 jednak zainteresowania produkcj\u0105 ani biznesem. Bli\u017cej mu by\u0142o za to do prapradziadka Jana Piotra Norblina de la Gourdaine\u2019a, znakomitego malarza, rysownika i grafika ko\u0144ca XVIII wieku. By\u0107 mo\u017ce po nim nawet odziedziczy\u0142 sw\u00f3j artystyczny talent i mimo, \u017ce przez jaki\u015b czas \u2013 pod naciskiem ojca \u2013 studiowa\u0142 na Akademii Handlowej w Antwerpii, to ostatecznie odda\u0142 si\u0119 zami\u0142owaniu do sztuki \u2013 <strong>m\u00f3wi Artur Setniewski, dyrektor Muzeum Fabryki Norblina.<\/strong><br><br>Plakaty Stefana Norblina wnios\u0142y do polskiej plastyki okresu mi\u0119dzywojennego samoistn\u0105 warto\u015b\u0107, przez co zauwa\u017calnie odr\u00f3\u017cnia\u0142y si\u0119 od wsp\u00f3\u0142czesnej produkcji graficznej. Wkraczaj\u0105c z impetem nato pole, Norblin nie czu\u0142 si\u0119 zobligowany \u017cadn\u0105 tradycj\u0105 czy konwencj\u0105. Postanowi\u0142 wykreowa\u0107 swoj\u0105 w\u0142asn\u0105 wizj\u0119 artystyczn\u0105 na miar\u0119 nowoczesno\u015bci, tak jak j\u0105 rozumia\u0142. Przydatne by\u0142y do\u015bwiadczenia jakie wyni\u00f3s\u0142 ze swoich wcze\u015bniejszych podr\u00f3\u017cy artystycznych po Europie. To tzw. opatrzenie, poparte umiej\u0119tno\u015bciami, warsztatem, a by\u0107 mo\u017ce i ch\u0119ci\u0105 przezwyci\u0119\u017cenia kompleksu prowincjonalizmu, skierowa\u0142y jego poszukiwania w stron\u0119 nowoczesnych \u015brodk\u00f3w ekspresji. Prace, kt\u00f3re mo\u017cna obejrze\u0107 na wystawie, w\u0142a\u015bnie na takie intencje wskazuj\u0105. Nawet wsp\u00f3\u0142cze\u015bnie ich walory plastyczne postrzegamy jako niezaprzeczalnie \u015bwie\u017ce, pe\u0142ne energii, witalno\u015bci i \u015bmia\u0142o\u015bci \u2013 <strong>dodaje Mariusz Knorowski, kurator wystawy.<\/strong><br><br>W przedwojennej stolicy Stefan Norblin zas\u0142yn\u0105\u0142 jako utalentowany portrecista. Malowa\u0142 polskie elity \u015bwiata kultury, sztuki i polityki. W jego portfolio znalaz\u0142y si\u0119 podobizny m.in. J\u00f3zefa Pi\u0142sudskiego, Ignacego Mo\u015bcickiego, Boles\u0142awa Wieniawy \u2013 D\u0142ugoszowskiego, Hanki Ordon\u00f3wny czy Zuli Pogorzelskiej. Artysta sw\u00f3j talent wykorzystywa\u0142 r\u00f3wnie\u017c jako ilustrator, projektant kostium\u00f3w i scenograf. Paradoksalnie najbardziej znana jest jego tw\u00f3rczo\u015b\u0107 z czas\u00f3w pobytu w Indiach. Stefan Norblin wraz z \u017con\u0105, gwiazd\u0105 kina i estrady Len\u0105 \u017belichowsk\u0105, wyjecha\u0142 z Warszawy tu\u017c po wybuchu II wojny \u015bwiatowej. W Bombaju stworzy\u0142 portrety przedstawicieli rod\u00f3w ksi\u0105\u017c\u0119cych z Morvi i Padmie, dekoracje malarskie w rezydencji w Morvi, zaprojektowa\u0142 wn\u0119trza pa\u0142acu Ramgarh Rad\u017a w Padmie, rezydencji Umaid Bhawana w Jodhpur. W tym ostatnim czeka\u0142o na niego najwi\u0119ksze wyzwanie &#8211; sze\u015b\u0107 monumentalnych murali w Sali Tronowej. Efekt by\u0142 unikatowy. Norblin zaprojektowa\u0142 r\u00f3wnie\u017c szereg pa\u0142acowych wn\u0119trz Umaid Bhawan, \u0142\u0105cznie z meblami.<br><br>Dwa lata po urodzenia syna Andrew, Norblinowie wyjechali do Stan\u00f3w Zjednoczonych. Tam jednak do\u015b\u0107 szybko okaza\u0142o si\u0119, \u017ce artysta cierpi na chorob\u0119 gro\u017c\u0105c\u0105 utrat\u0105 wzroku, co prawdopodobnie by\u0142o dla niego ostatecznym powodem do odebrania sobie \u017cycia. Stefan Norblin zmar\u0142 w 1952 roku. Prochy ma\u0142\u017ce\u0144stwa Norblin\u00f3w spoczywaj\u0105 na warszawskich Pow\u0105zkach.<br><\/p>\n\n\n\n<p class=\"wp-block-paragraph\">W Fabryce Norblina znajduje si\u0119 skwer Jana Piotra i Stefana Norblin\u00f3w. Codziennie, po zapadni\u0119ciu zmroku, na jednym z budynk\u00f3w mo\u017cna zobaczy\u0107 kr\u00f3tk\u0105 animacj\u0119 bazuj\u0105c\u0105 na pracach Jana Piotra i Stefana Norbiln\u00f3w. Cz\u0119\u015b\u0107 tw\u00f3rczo\u015bci jego praprawnuka, artysty, kt\u00f3ry niew\u0105tpliwie pod wieloma wzgl\u0119dami wyprzedza\u0142 swoje czasy, <strong>mo\u017cna natomiast podziwia\u0107 w budynku Plater, na poziomie +1 do ko\u0144ca marca.<\/strong><\/p>\n\n\n<!-- wp:themify-builder\/canvas \/-->","protected":false},"excerpt":{"rendered":"<p>Od \u015brody, 28 lutego, w warszawskiej Fabryce Norblina podziwia\u0107 mo\u017cna wyj\u0105tkow\u0105 wystaw\u0119 \u201eStefan Norblin \u2013 artysta plakatu\u201d. Do kompleksu przy \u017belaznej 51\/53 trafi\u0142y kopie prac stworzonych przez jednego z cz\u0142onk\u00f3w rodu Norblin\u00f3w, Stefana \u2013 jednego z najbardziej prominentnych artyst\u00f3w II Rzeczpospolitej. Prezentowana kolekcja obejmuje 24 przyk\u0142ady jego tw\u00f3rczo\u015bci. W Fabryce Norblina b\u0119dzie mo\u017cna je ogl\u0105da\u0107 [&hellip;]<\/p>\n","protected":false},"author":9,"featured_media":2003,"comment_status":"closed","ping_status":"closed","sticky":false,"template":"","format":"standard","meta":{"_acf_changed":false,"_monsterinsights_skip_tracking":false,"footnotes":""},"categories":[29],"tags":[],"class_list":["post-2001","post","type-post","status-publish","format-standard","has-post-thumbnail","hentry","category-aktualnosci","has-post-title","has-post-date","has-post-category","has-post-tag","has-post-comment","has-post-author",""],"acf":[],"yoast_head":"<!-- This site is optimized with the Yoast SEO plugin v28.2 - https:\/\/yoast.com\/product\/yoast-seo-wordpress\/ -->\n<title>Niezwyk\u0142a kolekcja plakat\u00f3w w Muzeum Fabryki Norblina! | Muzeum Fabryki Norblina<\/title>\n<meta name=\"robots\" content=\"index, follow, max-snippet:-1, max-image-preview:large, max-video-preview:-1\" \/>\n<link rel=\"canonical\" href=\"https:\/\/muzeumfabrykinorblina.pl\/?p=2001\" \/>\n<meta property=\"og:locale\" content=\"pl_PL\" \/>\n<meta property=\"og:type\" content=\"article\" \/>\n<meta property=\"og:title\" content=\"Niezwyk\u0142a kolekcja plakat\u00f3w w Muzeum Fabryki Norblina! | Muzeum Fabryki Norblina\" \/>\n<meta property=\"og:description\" content=\"Od \u015brody, 28 lutego, w warszawskiej Fabryce Norblina podziwia\u0107 mo\u017cna wyj\u0105tkow\u0105 wystaw\u0119 \u201eStefan Norblin \u2013 artysta plakatu\u201d. Do kompleksu przy \u017belaznej 51\/53 trafi\u0142y kopie prac stworzonych przez jednego z cz\u0142onk\u00f3w rodu Norblin\u00f3w, Stefana \u2013 jednego z najbardziej prominentnych artyst\u00f3w II Rzeczpospolitej. Prezentowana kolekcja obejmuje 24 przyk\u0142ady jego tw\u00f3rczo\u015bci. W Fabryce Norblina b\u0119dzie mo\u017cna je ogl\u0105da\u0107 [&hellip;]\" \/>\n<meta property=\"og:url\" content=\"https:\/\/muzeumfabrykinorblina.pl\/?p=2001\" \/>\n<meta property=\"og:site_name\" content=\"Muzeum Fabryki Norblina\" \/>\n<meta property=\"article:publisher\" content=\"https:\/\/www.facebook.com\/MuzeumFabrykiNorblina\" \/>\n<meta property=\"article:published_time\" content=\"2024-02-28T10:11:22+00:00\" \/>\n<meta property=\"article:modified_time\" content=\"2024-02-28T12:39:32+00:00\" \/>\n<meta property=\"og:image\" content=\"https:\/\/muzeumfabrykinorblina.pl\/wp-content\/uploads\/2024\/02\/DAN06459-1024x683.jpg\" \/>\n\t<meta property=\"og:image:width\" content=\"1024\" \/>\n\t<meta property=\"og:image:height\" content=\"683\" \/>\n\t<meta property=\"og:image:type\" content=\"image\/jpeg\" \/>\n<meta name=\"author\" content=\"Agata Ilnicka\" \/>\n<meta name=\"twitter:card\" content=\"summary_large_image\" \/>\n<meta name=\"twitter:label1\" content=\"Napisane przez\" \/>\n\t<meta name=\"twitter:data1\" content=\"Agata Ilnicka\" \/>\n\t<meta name=\"twitter:label2\" content=\"Szacowany czas czytania\" \/>\n\t<meta name=\"twitter:data2\" content=\"5 minut\" \/>\n<script type=\"application\/ld+json\" class=\"yoast-schema-graph\">{\"@context\":\"https:\\\/\\\/schema.org\",\"@graph\":[{\"@type\":\"Article\",\"@id\":\"https:\\\/\\\/muzeumfabrykinorblina.pl\\\/?p=2001#article\",\"isPartOf\":{\"@id\":\"https:\\\/\\\/muzeumfabrykinorblina.pl\\\/?p=2001\"},\"author\":{\"name\":\"Agata Ilnicka\",\"@id\":\"https:\\\/\\\/muzeumfabrykinorblina.pl\\\/#\\\/schema\\\/person\\\/4f1632ef79031887e0e24c4ea9d3472e\"},\"headline\":\"Niezwyk\u0142a kolekcja plakat\u00f3w w Muzeum Fabryki Norblina!\",\"datePublished\":\"2024-02-28T10:11:22+00:00\",\"dateModified\":\"2024-02-28T12:39:32+00:00\",\"mainEntityOfPage\":{\"@id\":\"https:\\\/\\\/muzeumfabrykinorblina.pl\\\/?p=2001\"},\"wordCount\":768,\"publisher\":{\"@id\":\"https:\\\/\\\/muzeumfabrykinorblina.pl\\\/#organization\"},\"image\":{\"@id\":\"https:\\\/\\\/muzeumfabrykinorblina.pl\\\/?p=2001#primaryimage\"},\"thumbnailUrl\":\"https:\\\/\\\/muzeumfabrykinorblina.pl\\\/wp-content\\\/uploads\\\/2024\\\/02\\\/DAN06459.jpg\",\"articleSection\":[\"Aktualno\u015bci\"],\"inLanguage\":\"pl-PL\"},{\"@type\":\"WebPage\",\"@id\":\"https:\\\/\\\/muzeumfabrykinorblina.pl\\\/?p=2001\",\"url\":\"https:\\\/\\\/muzeumfabrykinorblina.pl\\\/?p=2001\",\"name\":\"Niezwyk\u0142a kolekcja plakat\u00f3w w Muzeum Fabryki Norblina! | Muzeum Fabryki Norblina\",\"isPartOf\":{\"@id\":\"https:\\\/\\\/muzeumfabrykinorblina.pl\\\/#website\"},\"primaryImageOfPage\":{\"@id\":\"https:\\\/\\\/muzeumfabrykinorblina.pl\\\/?p=2001#primaryimage\"},\"image\":{\"@id\":\"https:\\\/\\\/muzeumfabrykinorblina.pl\\\/?p=2001#primaryimage\"},\"thumbnailUrl\":\"https:\\\/\\\/muzeumfabrykinorblina.pl\\\/wp-content\\\/uploads\\\/2024\\\/02\\\/DAN06459.jpg\",\"datePublished\":\"2024-02-28T10:11:22+00:00\",\"dateModified\":\"2024-02-28T12:39:32+00:00\",\"breadcrumb\":{\"@id\":\"https:\\\/\\\/muzeumfabrykinorblina.pl\\\/?p=2001#breadcrumb\"},\"inLanguage\":\"pl-PL\",\"potentialAction\":[{\"@type\":\"ReadAction\",\"target\":[\"https:\\\/\\\/muzeumfabrykinorblina.pl\\\/?p=2001\"]}]},{\"@type\":\"ImageObject\",\"inLanguage\":\"pl-PL\",\"@id\":\"https:\\\/\\\/muzeumfabrykinorblina.pl\\\/?p=2001#primaryimage\",\"url\":\"https:\\\/\\\/muzeumfabrykinorblina.pl\\\/wp-content\\\/uploads\\\/2024\\\/02\\\/DAN06459.jpg\",\"contentUrl\":\"https:\\\/\\\/muzeumfabrykinorblina.pl\\\/wp-content\\\/uploads\\\/2024\\\/02\\\/DAN06459.jpg\",\"width\":2500,\"height\":1667},{\"@type\":\"BreadcrumbList\",\"@id\":\"https:\\\/\\\/muzeumfabrykinorblina.pl\\\/?p=2001#breadcrumb\",\"itemListElement\":[{\"@type\":\"ListItem\",\"position\":1,\"name\":\"Strona g\u0142\u00f3wna\",\"item\":\"https:\\\/\\\/muzeumfabrykinorblina.pl\\\/\"},{\"@type\":\"ListItem\",\"position\":2,\"name\":\"Niezwyk\u0142a kolekcja plakat\u00f3w w Muzeum Fabryki Norblina!\"}]},{\"@type\":\"WebSite\",\"@id\":\"https:\\\/\\\/muzeumfabrykinorblina.pl\\\/#website\",\"url\":\"https:\\\/\\\/muzeumfabrykinorblina.pl\\\/\",\"name\":\"Muzeum Fabryki Norblina\",\"description\":\"Fabryka Norblina\",\"publisher\":{\"@id\":\"https:\\\/\\\/muzeumfabrykinorblina.pl\\\/#organization\"},\"potentialAction\":[{\"@type\":\"SearchAction\",\"target\":{\"@type\":\"EntryPoint\",\"urlTemplate\":\"https:\\\/\\\/muzeumfabrykinorblina.pl\\\/?s={search_term_string}\"},\"query-input\":{\"@type\":\"PropertyValueSpecification\",\"valueRequired\":true,\"valueName\":\"search_term_string\"}}],\"inLanguage\":\"pl-PL\"},{\"@type\":\"Organization\",\"@id\":\"https:\\\/\\\/muzeumfabrykinorblina.pl\\\/#organization\",\"name\":\"Muzeum Fabryki Norblina\",\"url\":\"https:\\\/\\\/muzeumfabrykinorblina.pl\\\/\",\"logo\":{\"@type\":\"ImageObject\",\"inLanguage\":\"pl-PL\",\"@id\":\"https:\\\/\\\/muzeumfabrykinorblina.pl\\\/#\\\/schema\\\/logo\\\/image\\\/\",\"url\":\"https:\\\/\\\/muzeumfabrykinorblina.pl\\\/wp-content\\\/uploads\\\/2023\\\/11\\\/MFN_Featured-image_1200x675.jpg\",\"contentUrl\":\"https:\\\/\\\/muzeumfabrykinorblina.pl\\\/wp-content\\\/uploads\\\/2023\\\/11\\\/MFN_Featured-image_1200x675.jpg\",\"width\":1200,\"height\":675,\"caption\":\"Muzeum Fabryki Norblina\"},\"image\":{\"@id\":\"https:\\\/\\\/muzeumfabrykinorblina.pl\\\/#\\\/schema\\\/logo\\\/image\\\/\"},\"sameAs\":[\"https:\\\/\\\/www.facebook.com\\\/MuzeumFabrykiNorblina\",\"https:\\\/\\\/www.instagram.com\\\/muzeumfabrykinorblina\\\/\"]},{\"@type\":\"Person\",\"@id\":\"https:\\\/\\\/muzeumfabrykinorblina.pl\\\/#\\\/schema\\\/person\\\/4f1632ef79031887e0e24c4ea9d3472e\",\"name\":\"Agata Ilnicka\",\"image\":{\"@type\":\"ImageObject\",\"inLanguage\":\"pl-PL\",\"@id\":\"https:\\\/\\\/secure.gravatar.com\\\/avatar\\\/0c850e3cc969e3bec61971337ea044add4e3b6da745c50448fbab5c86b0b85d9?s=96&d=mm&r=g\",\"url\":\"https:\\\/\\\/secure.gravatar.com\\\/avatar\\\/0c850e3cc969e3bec61971337ea044add4e3b6da745c50448fbab5c86b0b85d9?s=96&d=mm&r=g\",\"contentUrl\":\"https:\\\/\\\/secure.gravatar.com\\\/avatar\\\/0c850e3cc969e3bec61971337ea044add4e3b6da745c50448fbab5c86b0b85d9?s=96&d=mm&r=g\",\"caption\":\"Agata Ilnicka\"},\"url\":\"https:\\\/\\\/muzeumfabrykinorblina.pl\\\/?author=9\"}]}<\/script>\n<!-- \/ Yoast SEO plugin. -->","yoast_head_json":{"title":"Niezwyk\u0142a kolekcja plakat\u00f3w w Muzeum Fabryki Norblina! | Muzeum Fabryki Norblina","robots":{"index":"index","follow":"follow","max-snippet":"max-snippet:-1","max-image-preview":"max-image-preview:large","max-video-preview":"max-video-preview:-1"},"canonical":"https:\/\/muzeumfabrykinorblina.pl\/?p=2001","og_locale":"pl_PL","og_type":"article","og_title":"Niezwyk\u0142a kolekcja plakat\u00f3w w Muzeum Fabryki Norblina! | Muzeum Fabryki Norblina","og_description":"Od \u015brody, 28 lutego, w warszawskiej Fabryce Norblina podziwia\u0107 mo\u017cna wyj\u0105tkow\u0105 wystaw\u0119 \u201eStefan Norblin \u2013 artysta plakatu\u201d. Do kompleksu przy \u017belaznej 51\/53 trafi\u0142y kopie prac stworzonych przez jednego z cz\u0142onk\u00f3w rodu Norblin\u00f3w, Stefana \u2013 jednego z najbardziej prominentnych artyst\u00f3w II Rzeczpospolitej. Prezentowana kolekcja obejmuje 24 przyk\u0142ady jego tw\u00f3rczo\u015bci. W Fabryce Norblina b\u0119dzie mo\u017cna je ogl\u0105da\u0107 [&hellip;]","og_url":"https:\/\/muzeumfabrykinorblina.pl\/?p=2001","og_site_name":"Muzeum Fabryki Norblina","article_publisher":"https:\/\/www.facebook.com\/MuzeumFabrykiNorblina","article_published_time":"2024-02-28T10:11:22+00:00","article_modified_time":"2024-02-28T12:39:32+00:00","og_image":[{"width":1024,"height":683,"url":"https:\/\/muzeumfabrykinorblina.pl\/wp-content\/uploads\/2024\/02\/DAN06459-1024x683.jpg","type":"image\/jpeg"}],"author":"Agata Ilnicka","twitter_card":"summary_large_image","twitter_misc":{"Napisane przez":"Agata Ilnicka","Szacowany czas czytania":"5 minut"},"schema":{"@context":"https:\/\/schema.org","@graph":[{"@type":"Article","@id":"https:\/\/muzeumfabrykinorblina.pl\/?p=2001#article","isPartOf":{"@id":"https:\/\/muzeumfabrykinorblina.pl\/?p=2001"},"author":{"name":"Agata Ilnicka","@id":"https:\/\/muzeumfabrykinorblina.pl\/#\/schema\/person\/4f1632ef79031887e0e24c4ea9d3472e"},"headline":"Niezwyk\u0142a kolekcja plakat\u00f3w w Muzeum Fabryki Norblina!","datePublished":"2024-02-28T10:11:22+00:00","dateModified":"2024-02-28T12:39:32+00:00","mainEntityOfPage":{"@id":"https:\/\/muzeumfabrykinorblina.pl\/?p=2001"},"wordCount":768,"publisher":{"@id":"https:\/\/muzeumfabrykinorblina.pl\/#organization"},"image":{"@id":"https:\/\/muzeumfabrykinorblina.pl\/?p=2001#primaryimage"},"thumbnailUrl":"https:\/\/muzeumfabrykinorblina.pl\/wp-content\/uploads\/2024\/02\/DAN06459.jpg","articleSection":["Aktualno\u015bci"],"inLanguage":"pl-PL"},{"@type":"WebPage","@id":"https:\/\/muzeumfabrykinorblina.pl\/?p=2001","url":"https:\/\/muzeumfabrykinorblina.pl\/?p=2001","name":"Niezwyk\u0142a kolekcja plakat\u00f3w w Muzeum Fabryki Norblina! | Muzeum Fabryki Norblina","isPartOf":{"@id":"https:\/\/muzeumfabrykinorblina.pl\/#website"},"primaryImageOfPage":{"@id":"https:\/\/muzeumfabrykinorblina.pl\/?p=2001#primaryimage"},"image":{"@id":"https:\/\/muzeumfabrykinorblina.pl\/?p=2001#primaryimage"},"thumbnailUrl":"https:\/\/muzeumfabrykinorblina.pl\/wp-content\/uploads\/2024\/02\/DAN06459.jpg","datePublished":"2024-02-28T10:11:22+00:00","dateModified":"2024-02-28T12:39:32+00:00","breadcrumb":{"@id":"https:\/\/muzeumfabrykinorblina.pl\/?p=2001#breadcrumb"},"inLanguage":"pl-PL","potentialAction":[{"@type":"ReadAction","target":["https:\/\/muzeumfabrykinorblina.pl\/?p=2001"]}]},{"@type":"ImageObject","inLanguage":"pl-PL","@id":"https:\/\/muzeumfabrykinorblina.pl\/?p=2001#primaryimage","url":"https:\/\/muzeumfabrykinorblina.pl\/wp-content\/uploads\/2024\/02\/DAN06459.jpg","contentUrl":"https:\/\/muzeumfabrykinorblina.pl\/wp-content\/uploads\/2024\/02\/DAN06459.jpg","width":2500,"height":1667},{"@type":"BreadcrumbList","@id":"https:\/\/muzeumfabrykinorblina.pl\/?p=2001#breadcrumb","itemListElement":[{"@type":"ListItem","position":1,"name":"Strona g\u0142\u00f3wna","item":"https:\/\/muzeumfabrykinorblina.pl\/"},{"@type":"ListItem","position":2,"name":"Niezwyk\u0142a kolekcja plakat\u00f3w w Muzeum Fabryki Norblina!"}]},{"@type":"WebSite","@id":"https:\/\/muzeumfabrykinorblina.pl\/#website","url":"https:\/\/muzeumfabrykinorblina.pl\/","name":"Muzeum Fabryki Norblina","description":"Fabryka Norblina","publisher":{"@id":"https:\/\/muzeumfabrykinorblina.pl\/#organization"},"potentialAction":[{"@type":"SearchAction","target":{"@type":"EntryPoint","urlTemplate":"https:\/\/muzeumfabrykinorblina.pl\/?s={search_term_string}"},"query-input":{"@type":"PropertyValueSpecification","valueRequired":true,"valueName":"search_term_string"}}],"inLanguage":"pl-PL"},{"@type":"Organization","@id":"https:\/\/muzeumfabrykinorblina.pl\/#organization","name":"Muzeum Fabryki Norblina","url":"https:\/\/muzeumfabrykinorblina.pl\/","logo":{"@type":"ImageObject","inLanguage":"pl-PL","@id":"https:\/\/muzeumfabrykinorblina.pl\/#\/schema\/logo\/image\/","url":"https:\/\/muzeumfabrykinorblina.pl\/wp-content\/uploads\/2023\/11\/MFN_Featured-image_1200x675.jpg","contentUrl":"https:\/\/muzeumfabrykinorblina.pl\/wp-content\/uploads\/2023\/11\/MFN_Featured-image_1200x675.jpg","width":1200,"height":675,"caption":"Muzeum Fabryki Norblina"},"image":{"@id":"https:\/\/muzeumfabrykinorblina.pl\/#\/schema\/logo\/image\/"},"sameAs":["https:\/\/www.facebook.com\/MuzeumFabrykiNorblina","https:\/\/www.instagram.com\/muzeumfabrykinorblina\/"]},{"@type":"Person","@id":"https:\/\/muzeumfabrykinorblina.pl\/#\/schema\/person\/4f1632ef79031887e0e24c4ea9d3472e","name":"Agata Ilnicka","image":{"@type":"ImageObject","inLanguage":"pl-PL","@id":"https:\/\/secure.gravatar.com\/avatar\/0c850e3cc969e3bec61971337ea044add4e3b6da745c50448fbab5c86b0b85d9?s=96&d=mm&r=g","url":"https:\/\/secure.gravatar.com\/avatar\/0c850e3cc969e3bec61971337ea044add4e3b6da745c50448fbab5c86b0b85d9?s=96&d=mm&r=g","contentUrl":"https:\/\/secure.gravatar.com\/avatar\/0c850e3cc969e3bec61971337ea044add4e3b6da745c50448fbab5c86b0b85d9?s=96&d=mm&r=g","caption":"Agata Ilnicka"},"url":"https:\/\/muzeumfabrykinorblina.pl\/?author=9"}]}},"lang":"pl","translations":{"pl":2001},"builder_content":"","pll_sync_post":{},"_links":{"self":[{"href":"https:\/\/muzeumfabrykinorblina.pl\/index.php?rest_route=\/wp\/v2\/posts\/2001","targetHints":{"allow":["GET"]}}],"collection":[{"href":"https:\/\/muzeumfabrykinorblina.pl\/index.php?rest_route=\/wp\/v2\/posts"}],"about":[{"href":"https:\/\/muzeumfabrykinorblina.pl\/index.php?rest_route=\/wp\/v2\/types\/post"}],"author":[{"embeddable":true,"href":"https:\/\/muzeumfabrykinorblina.pl\/index.php?rest_route=\/wp\/v2\/users\/9"}],"replies":[{"embeddable":true,"href":"https:\/\/muzeumfabrykinorblina.pl\/index.php?rest_route=%2Fwp%2Fv2%2Fcomments&post=2001"}],"version-history":[{"count":0,"href":"https:\/\/muzeumfabrykinorblina.pl\/index.php?rest_route=\/wp\/v2\/posts\/2001\/revisions"}],"wp:featuredmedia":[{"embeddable":true,"href":"https:\/\/muzeumfabrykinorblina.pl\/index.php?rest_route=\/wp\/v2\/media\/2003"}],"wp:attachment":[{"href":"https:\/\/muzeumfabrykinorblina.pl\/index.php?rest_route=%2Fwp%2Fv2%2Fmedia&parent=2001"}],"wp:term":[{"taxonomy":"category","embeddable":true,"href":"https:\/\/muzeumfabrykinorblina.pl\/index.php?rest_route=%2Fwp%2Fv2%2Fcategories&post=2001"},{"taxonomy":"post_tag","embeddable":true,"href":"https:\/\/muzeumfabrykinorblina.pl\/index.php?rest_route=%2Fwp%2Fv2%2Ftags&post=2001"}],"curies":[{"name":"wp","href":"https:\/\/api.w.org\/{rel}","templated":true}]}}